{"id":35932,"date":"2018-07-05T10:04:58","date_gmt":"2018-07-05T13:04:58","guid":{"rendered":"https:\/\/eldiariodesanpedro.com.ar\/sitio\/?p=35932"},"modified":"2018-07-05T10:04:58","modified_gmt":"2018-07-05T13:04:58","slug":"el-banco-provincia-se-suma-a-la-promocion-de-la-fiesta-de-la-naranja","status":"publish","type":"post","link":"https:\/\/eldiariodesanpedro.com.ar\/sitio\/el-banco-provincia-se-suma-a-la-promocion-de-la-fiesta-de-la-naranja\/","title":{"rendered":"El Banco Provincia se suma a la promoci\u00f3n de la Fiesta de la Naranja"},"content":{"rendered":"<p><!-- VideographyWP Plugin Message: Automatic video embedding prevented by plugin options. --><br \/>\nFaltan pocos d\u00edas para la Fiesta de la Naranja de Ombligo que se prepara con reuniones permanentes del grupo que conforman junto a la Municipalidad de San Pedro, las instituciones locales. Esta segunda edici\u00f3n que llegar\u00e1 con nuevas propuestas.<\/p>\n<p>Adem\u00e1s de los aspectos internos y organizativos, se viene trabajando fuerte en la promoci\u00f3n y se suman apoyos importantes. <\/p>\n<p>La semana pasada, un equipo del programa Locos x El Campo de la Televisi\u00f3n P\u00fablica elabor\u00f3 un informe que ser\u00e1 emitido en la emisi\u00f3n previa al fin de semana del evento, recorriendo instancias de producci\u00f3n y cosecha de naranja. Este mi\u00e9rcoles, materializando el apoyo que brinda el Banco de la Provincia de Buenos Aires, un equipo audiovisual registr\u00f3 im\u00e1genes y testimonios para una campa\u00f1a que se publicar\u00e1 en redes sociales y que revaloriza fiestas populares. Comenzaron con entrevistas y rodaje en emprendimientos agrotur\u00edsticos y continuar\u00e1 ma\u00f1ana en Gobernador Castro y R\u00edo Tala. La coordinaci\u00f3n estuvo a cardo de la Direcci\u00f3n de Turismo, actuando como anfitri\u00f3n,  para editar en breve el material que circular\u00e1 dentro de pocos d\u00edas. La Fiesta Provincial de la Naranja ser\u00e1 21 y 22 de Julio en la Plazoleta Fray Cayetano Rodr\u00edguez con entrada libre y gratuita.<\/p>\n","protected":false},"excerpt":{"rendered":"<p>Faltan pocos d\u00edas para la Fiesta de la Naranja de Ombligo que se prepara con reuniones permanentes del grupo que conforman junto a la Municipalidad de San Pedro, las instituciones locales. Esta segunda edici\u00f3n que llegar\u00e1 con nuevas propuestas. Adem\u00e1s de los aspectos internos y organizativos, se viene trabajando fuerte en la promoci\u00f3n y se [&hellip;]<\/p>\n","protected":false},"author":4,"featured_media":35933,"comment_status":"open","ping_status":"closed","sticky":false,"template":"","format":"standard","meta":{"om_disable_all_campaigns":false,"_jetpack_memberships_contains_paid_content":false,"footnotes":""},"categories":[101,2],"tags":[],"class_list":["post-35932","post","type-post","status-publish","format-standard","has-post-thumbnail","hentry","category-interes-general-locales","category-locales"],"aioseo_notices":[],"gutentor_comment":0,"jetpack_featured_media_url":"https:\/\/eldiariodesanpedro.com.ar\/sitio\/wp-content\/uploads\/2018\/07\/unnamed-1.jpg","jetpack_shortlink":"https:\/\/wp.me\/p6RhLt-9ly","jetpack_sharing_enabled":true,"_links":{"self":[{"href":"https:\/\/eldiariodesanpedro.com.ar\/sitio\/wp-json\/wp\/v2\/posts\/35932","targetHints":{"allow":["GET"]}}],"collection":[{"href":"https:\/\/eldiariodesanpedro.com.ar\/sitio\/wp-json\/wp\/v2\/posts"}],"about":[{"href":"https:\/\/eldiariodesanpedro.com.ar\/sitio\/wp-json\/wp\/v2\/types\/post"}],"author":[{"embeddable":true,"href":"https:\/\/eldiariodesanpedro.com.ar\/sitio\/wp-json\/wp\/v2\/users\/4"}],"replies":[{"embeddable":true,"href":"https:\/\/eldiariodesanpedro.com.ar\/sitio\/wp-json\/wp\/v2\/comments?post=35932"}],"version-history":[{"count":1,"href":"https:\/\/eldiariodesanpedro.com.ar\/sitio\/wp-json\/wp\/v2\/posts\/35932\/revisions"}],"predecessor-version":[{"id":35934,"href":"https:\/\/eldiariodesanpedro.com.ar\/sitio\/wp-json\/wp\/v2\/posts\/35932\/revisions\/35934"}],"wp:featuredmedia":[{"embeddable":true,"href":"https:\/\/eldiariodesanpedro.com.ar\/sitio\/wp-json\/wp\/v2\/media\/35933"}],"wp:attachment":[{"href":"https:\/\/eldiariodesanpedro.com.ar\/sitio\/wp-json\/wp\/v2\/media?parent=35932"}],"wp:term":[{"taxonomy":"category","embeddable":true,"href":"https:\/\/eldiariodesanpedro.com.ar\/sitio\/wp-json\/wp\/v2\/categories?post=35932"},{"taxonomy":"post_tag","embeddable":true,"href":"https:\/\/eldiariodesanpedro.com.ar\/sitio\/wp-json\/wp\/v2\/tags?post=35932"}],"curies":[{"name":"wp","href":"https:\/\/api.w.org\/{rel}","templated":true}]}}