{"id":35930,"date":"2018-07-05T09:20:21","date_gmt":"2018-07-05T12:20:21","guid":{"rendered":"https:\/\/eldiariodesanpedro.com.ar\/sitio\/?p=35930"},"modified":"2018-07-05T09:20:21","modified_gmt":"2018-07-05T12:20:21","slug":"otro-joven-aprehendido-por-pedido-de-detencion","status":"publish","type":"post","link":"https:\/\/eldiariodesanpedro.com.ar\/sitio\/otro-joven-aprehendido-por-pedido-de-detencion\/","title":{"rendered":"Otro joven aprehendido por pedido de detenci\u00f3n"},"content":{"rendered":"<p><!-- VideographyWP Plugin Message: Automatic video embedding prevented by plugin options. --><br \/>\nEn la noche del mi\u00e9rcoles un joven de 24 a\u00f1os fue identificado por personal policial de nuestra ciudad en intersecci\u00f3n de calle Lucio Mansilla y Las Provincias, donde se pudo establecer por el sistema inform\u00e1tico, que posee pedido de detenci\u00f3n por el Juzgado de Garant\u00edas N\u00ba1 de Lomas de Zamora y  fue trasladado al mismo.<\/p>\n<p>Tambi\u00e9n en Tres de Febrero y Rivadavia se intercepto una motocicleta 110cc quien circulaba una ciudadana de 31 a\u00f1os de edad donde se estableci\u00f3 que el rodado posee pedido de secuestro por el delito de hurto con fecha del 6 de Junio del 2018; la ciudadana fue notificada por actuaciones legales.<\/p>\n","protected":false},"excerpt":{"rendered":"<p>En la noche del mi\u00e9rcoles un joven de 24 a\u00f1os fue identificado por personal policial de nuestra ciudad en intersecci\u00f3n de calle Lucio Mansilla y Las Provincias, donde se pudo establecer por el sistema inform\u00e1tico, que posee pedido de detenci\u00f3n por el Juzgado de Garant\u00edas N\u00ba1 de Lomas de Zamora y fue trasladado al mismo. [&hellip;]<\/p>\n","protected":false},"author":4,"featured_media":34429,"comment_status":"open","ping_status":"closed","sticky":false,"template":"","format":"standard","meta":{"om_disable_all_campaigns":false,"_jetpack_memberships_contains_paid_content":false,"footnotes":""},"categories":[50,2,103],"tags":[],"class_list":["post-35930","post","type-post","status-publish","format-standard","has-post-thumbnail","hentry","category-destacadas","category-locales","category-policiales-locales"],"aioseo_notices":[],"gutentor_comment":0,"jetpack_featured_media_url":"https:\/\/eldiariodesanpedro.com.ar\/sitio\/wp-content\/uploads\/2018\/06\/comisaria_17.jpg","jetpack_shortlink":"https:\/\/wp.me\/p6RhLt-9lw","jetpack_sharing_enabled":true,"_links":{"self":[{"href":"https:\/\/eldiariodesanpedro.com.ar\/sitio\/wp-json\/wp\/v2\/posts\/35930","targetHints":{"allow":["GET"]}}],"collection":[{"href":"https:\/\/eldiariodesanpedro.com.ar\/sitio\/wp-json\/wp\/v2\/posts"}],"about":[{"href":"https:\/\/eldiariodesanpedro.com.ar\/sitio\/wp-json\/wp\/v2\/types\/post"}],"author":[{"embeddable":true,"href":"https:\/\/eldiariodesanpedro.com.ar\/sitio\/wp-json\/wp\/v2\/users\/4"}],"replies":[{"embeddable":true,"href":"https:\/\/eldiariodesanpedro.com.ar\/sitio\/wp-json\/wp\/v2\/comments?post=35930"}],"version-history":[{"count":1,"href":"https:\/\/eldiariodesanpedro.com.ar\/sitio\/wp-json\/wp\/v2\/posts\/35930\/revisions"}],"predecessor-version":[{"id":35931,"href":"https:\/\/eldiariodesanpedro.com.ar\/sitio\/wp-json\/wp\/v2\/posts\/35930\/revisions\/35931"}],"wp:featuredmedia":[{"embeddable":true,"href":"https:\/\/eldiariodesanpedro.com.ar\/sitio\/wp-json\/wp\/v2\/media\/34429"}],"wp:attachment":[{"href":"https:\/\/eldiariodesanpedro.com.ar\/sitio\/wp-json\/wp\/v2\/media?parent=35930"}],"wp:term":[{"taxonomy":"category","embeddable":true,"href":"https:\/\/eldiariodesanpedro.com.ar\/sitio\/wp-json\/wp\/v2\/categories?post=35930"},{"taxonomy":"post_tag","embeddable":true,"href":"https:\/\/eldiariodesanpedro.com.ar\/sitio\/wp-json\/wp\/v2\/tags?post=35930"}],"curies":[{"name":"wp","href":"https:\/\/api.w.org\/{rel}","templated":true}]}}