{"id":35928,"date":"2018-07-05T09:09:13","date_gmt":"2018-07-05T12:09:13","guid":{"rendered":"https:\/\/eldiariodesanpedro.com.ar\/sitio\/?p=35928"},"modified":"2018-07-05T09:09:13","modified_gmt":"2018-07-05T12:09:13","slug":"se-aprehendio-a-un-joven-que-tenia-pedido-de-captura-pendiente-por-delitos","status":"publish","type":"post","link":"https:\/\/eldiariodesanpedro.com.ar\/sitio\/se-aprehendio-a-un-joven-que-tenia-pedido-de-captura-pendiente-por-delitos\/","title":{"rendered":"Se aprehendi\u00f3 a un joven que ten\u00eda pedido de captura pendiente por delitos"},"content":{"rendered":"<p><!-- VideographyWP Plugin Message: Automatic video embedding prevented by plugin options. --><br \/>\nPersonal policial en horas de la tarde del mi\u00e9rcoles, identific\u00f3 a un joven de 20 a\u00f1os de edad quien circulaba en una motocicleta en calle 62 y Las Heras.<\/p>\n<p>El joven no solo circulaba sin documentaci\u00f3n, sino que tambi\u00e9n, se pudo establecer por el sistema inform\u00e1tico, que posee pedido de captura pendiente por lesiones y otros delitos a requerimiento de la Fiscal\u00eda de nuestra ciudad, y adem\u00e1s se le secuestro en su poder un envoltorio de marihuana.<br \/>\nEl rodado se secuestr\u00f3 y quedo a disposici\u00f3n del Juzgado de Faltas y el joven aprehendido en la comisar\u00eda local a disposici\u00f3n de la Fiscal\u00eda de turno.<\/p>\n","protected":false},"excerpt":{"rendered":"<p>Personal policial en horas de la tarde del mi\u00e9rcoles, identific\u00f3 a un joven de 20 a\u00f1os de edad quien circulaba en una motocicleta en calle 62 y Las Heras. El joven no solo circulaba sin documentaci\u00f3n, sino que tambi\u00e9n, se pudo establecer por el sistema inform\u00e1tico, que posee pedido de captura pendiente por lesiones y [&hellip;]<\/p>\n","protected":false},"author":4,"featured_media":24590,"comment_status":"open","ping_status":"closed","sticky":false,"template":"","format":"standard","meta":{"om_disable_all_campaigns":false,"_jetpack_memberships_contains_paid_content":false,"footnotes":""},"categories":[50,2,103],"tags":[],"class_list":["post-35928","post","type-post","status-publish","format-standard","has-post-thumbnail","hentry","category-destacadas","category-locales","category-policiales-locales"],"aioseo_notices":[],"gutentor_comment":0,"jetpack_featured_media_url":"https:\/\/eldiariodesanpedro.com.ar\/sitio\/wp-content\/uploads\/2017\/10\/camioneta-policia-noche.jpg","jetpack_shortlink":"https:\/\/wp.me\/p6RhLt-9lu","jetpack_sharing_enabled":true,"_links":{"self":[{"href":"https:\/\/eldiariodesanpedro.com.ar\/sitio\/wp-json\/wp\/v2\/posts\/35928","targetHints":{"allow":["GET"]}}],"collection":[{"href":"https:\/\/eldiariodesanpedro.com.ar\/sitio\/wp-json\/wp\/v2\/posts"}],"about":[{"href":"https:\/\/eldiariodesanpedro.com.ar\/sitio\/wp-json\/wp\/v2\/types\/post"}],"author":[{"embeddable":true,"href":"https:\/\/eldiariodesanpedro.com.ar\/sitio\/wp-json\/wp\/v2\/users\/4"}],"replies":[{"embeddable":true,"href":"https:\/\/eldiariodesanpedro.com.ar\/sitio\/wp-json\/wp\/v2\/comments?post=35928"}],"version-history":[{"count":1,"href":"https:\/\/eldiariodesanpedro.com.ar\/sitio\/wp-json\/wp\/v2\/posts\/35928\/revisions"}],"predecessor-version":[{"id":35929,"href":"https:\/\/eldiariodesanpedro.com.ar\/sitio\/wp-json\/wp\/v2\/posts\/35928\/revisions\/35929"}],"wp:featuredmedia":[{"embeddable":true,"href":"https:\/\/eldiariodesanpedro.com.ar\/sitio\/wp-json\/wp\/v2\/media\/24590"}],"wp:attachment":[{"href":"https:\/\/eldiariodesanpedro.com.ar\/sitio\/wp-json\/wp\/v2\/media?parent=35928"}],"wp:term":[{"taxonomy":"category","embeddable":true,"href":"https:\/\/eldiariodesanpedro.com.ar\/sitio\/wp-json\/wp\/v2\/categories?post=35928"},{"taxonomy":"post_tag","embeddable":true,"href":"https:\/\/eldiariodesanpedro.com.ar\/sitio\/wp-json\/wp\/v2\/tags?post=35928"}],"curies":[{"name":"wp","href":"https:\/\/api.w.org\/{rel}","templated":true}]}}