{"id":35926,"date":"2018-07-05T08:56:07","date_gmt":"2018-07-05T11:56:07","guid":{"rendered":"https:\/\/eldiariodesanpedro.com.ar\/sitio\/?p=35926"},"modified":"2018-07-05T08:56:07","modified_gmt":"2018-07-05T11:56:07","slug":"robaron-una-moto-en-supermercado-chino","status":"publish","type":"post","link":"https:\/\/eldiariodesanpedro.com.ar\/sitio\/robaron-una-moto-en-supermercado-chino\/","title":{"rendered":"Robaron una moto en Supermercado Chino"},"content":{"rendered":"<p><!-- VideographyWP Plugin Message: Automatic video embedding prevented by plugin options. --><br \/>\nEl mi\u00e9rcoles por la tarde, una ciudadana mayor de edad, denuncio en la Dependencia Local que  dej\u00f3 estacionada su motocicleta  en calle San Mart\u00edn y R\u00f3mulo Na\u00f3n, m\u00e1s precisamente para ingresar al Supermercado Chino y cuando sali\u00f3 del mismo, constato que delincuentes le hab\u00edan sustra\u00eddo el rodado.<\/p>\n","protected":false},"excerpt":{"rendered":"<p>El mi\u00e9rcoles por la tarde, una ciudadana mayor de edad, denuncio en la Dependencia Local que dej\u00f3 estacionada su motocicleta en calle San Mart\u00edn y R\u00f3mulo Na\u00f3n, m\u00e1s precisamente para ingresar al Supermercado Chino y cuando sali\u00f3 del mismo, constato que delincuentes le hab\u00edan sustra\u00eddo el rodado.<\/p>\n","protected":false},"author":4,"featured_media":34429,"comment_status":"open","ping_status":"closed","sticky":false,"template":"","format":"standard","meta":{"om_disable_all_campaigns":false,"_jetpack_memberships_contains_paid_content":false,"footnotes":""},"categories":[2,103],"tags":[],"class_list":["post-35926","post","type-post","status-publish","format-standard","has-post-thumbnail","hentry","category-locales","category-policiales-locales"],"aioseo_notices":[],"gutentor_comment":0,"jetpack_featured_media_url":"https:\/\/eldiariodesanpedro.com.ar\/sitio\/wp-content\/uploads\/2018\/06\/comisaria_17.jpg","jetpack_shortlink":"https:\/\/wp.me\/p6RhLt-9ls","jetpack_sharing_enabled":true,"_links":{"self":[{"href":"https:\/\/eldiariodesanpedro.com.ar\/sitio\/wp-json\/wp\/v2\/posts\/35926","targetHints":{"allow":["GET"]}}],"collection":[{"href":"https:\/\/eldiariodesanpedro.com.ar\/sitio\/wp-json\/wp\/v2\/posts"}],"about":[{"href":"https:\/\/eldiariodesanpedro.com.ar\/sitio\/wp-json\/wp\/v2\/types\/post"}],"author":[{"embeddable":true,"href":"https:\/\/eldiariodesanpedro.com.ar\/sitio\/wp-json\/wp\/v2\/users\/4"}],"replies":[{"embeddable":true,"href":"https:\/\/eldiariodesanpedro.com.ar\/sitio\/wp-json\/wp\/v2\/comments?post=35926"}],"version-history":[{"count":1,"href":"https:\/\/eldiariodesanpedro.com.ar\/sitio\/wp-json\/wp\/v2\/posts\/35926\/revisions"}],"predecessor-version":[{"id":35927,"href":"https:\/\/eldiariodesanpedro.com.ar\/sitio\/wp-json\/wp\/v2\/posts\/35926\/revisions\/35927"}],"wp:featuredmedia":[{"embeddable":true,"href":"https:\/\/eldiariodesanpedro.com.ar\/sitio\/wp-json\/wp\/v2\/media\/34429"}],"wp:attachment":[{"href":"https:\/\/eldiariodesanpedro.com.ar\/sitio\/wp-json\/wp\/v2\/media?parent=35926"}],"wp:term":[{"taxonomy":"category","embeddable":true,"href":"https:\/\/eldiariodesanpedro.com.ar\/sitio\/wp-json\/wp\/v2\/categories?post=35926"},{"taxonomy":"post_tag","embeddable":true,"href":"https:\/\/eldiariodesanpedro.com.ar\/sitio\/wp-json\/wp\/v2\/tags?post=35926"}],"curies":[{"name":"wp","href":"https:\/\/api.w.org\/{rel}","templated":true}]}}