{"id":35922,"date":"2018-07-04T20:42:02","date_gmt":"2018-07-04T23:42:02","guid":{"rendered":"https:\/\/eldiariodesanpedro.com.ar\/sitio\/?p=35922"},"modified":"2026-01-24T00:13:20","modified_gmt":"2026-01-24T03:13:20","slug":"ciclismo-los-master-correran-el-argentino-en-junin","status":"publish","type":"post","link":"https:\/\/eldiariodesanpedro.com.ar\/sitio\/ciclismo-los-master-correran-el-argentino-en-junin\/","title":{"rendered":"CICLISMO: Los M\u00e1ster correr\u00e1n el argentino en Jun\u00edn"},"content":{"rendered":"<p><!-- VideographyWP Plugin Message: Automatic video embedding prevented by plugin options. --><br \/>\n  Se realizar\u00e1 a fines del mes de octubre, en el vel\u00f3dromo \u201cRub\u00e9n Rosetti\u201d y estar\u00e1 organizado por la Asociaci\u00f3n Ciclista Juninense. Adem\u00e1s, en noviembre se llevar\u00e1 a cabo en el aut\u00f3dromo \u201cEusebio Marcilla\u201d la Vuelta M\u00e1ster, que llevar\u00e1 el nombre de \u201cSebasti\u00e1n Cancio\u201d, el mejor ciclista de la historia de nuestra ciudad y se correr\u00e1 en tres etapas.<\/p>\n<p>  Jun\u00edn ser\u00e1 sede del Campeonato Argentino de Pista 2018, reservado para las categor\u00edas M\u00e1ster y Promocionales. El certamen a nivel nacional se realizar\u00e1 a fines del mes de octubre, en el vel\u00f3dromo de 333,33 metros de extensi\u00f3n \u201cRub\u00e9n Edgardo Rosetti\u201d, ubicado sobre la Avenida Pastor Bauman.<\/p>\n<p>  El principal evento de pista de dichas categor\u00edas estar\u00e1 organizado por la Asociaci\u00f3n Ciclista Juninense y tendr\u00e1 la fiscalizaci\u00f3n de la Federaci\u00f3n Argentina de Ciclismo de Pista y Ruta. Adem\u00e1s, contar\u00e1 con el auspicio de la Direcci\u00f3n de Deportes de la Municipalidad de Jun\u00edn.<\/p>\n<p><strong>Vuelta M\u00e1ster en Jun\u00edn<\/strong><br \/>\n  Jun\u00edn tendr\u00e1 su Vuelta para M\u00e1ster y Promocionales, que se llevar\u00e1 a cabo los d\u00edas 16, 17 y 18 de noviembre, en el aut\u00f3dromo \u201cEusebio Marcilla\u201d. La prueba llevar\u00e1 el nombre de \u201cSebasti\u00e1n Manuel Cancio\u201d, el mejor ciclista de la historia de Jun\u00edn.<\/p>\n<p>  La Gran Vuelta constar\u00e1 de tres etapas, que se desarrollar\u00e1n una por d\u00eda y estar\u00e1 reservada para las categor\u00edas Master A, B, C, D y E en varones y mujeres.<\/p>\n","protected":false},"excerpt":{"rendered":"<p>Se realizar\u00e1 a fines del mes de octubre, en el vel\u00f3dromo \u201cRub\u00e9n Rosetti\u201d y estar\u00e1 organizado por la Asociaci\u00f3n Ciclista Juninense. Adem\u00e1s, en noviembre se llevar\u00e1 a cabo en el aut\u00f3dromo \u201cEusebio Marcilla\u201d la Vuelta M\u00e1ster, que llevar\u00e1 el nombre de \u201cSebasti\u00e1n Cancio\u201d, el mejor ciclista de la historia de nuestra ciudad y se correr\u00e1 [&hellip;]<\/p>\n","protected":false},"author":4,"featured_media":10379,"comment_status":"open","ping_status":"closed","sticky":false,"template":"","format":"standard","meta":{"om_disable_all_campaigns":false,"_jetpack_memberships_contains_paid_content":false,"footnotes":""},"categories":[5],"tags":[],"class_list":["post-35922","post","type-post","status-publish","format-standard","has-post-thumbnail","hentry","category-deportes"],"aioseo_notices":[],"gutentor_comment":0,"jetpack_featured_media_url":"https:\/\/eldiariodesanpedro.com.ar\/sitio\/wp-content\/uploads\/2016\/11\/ciclismo.jpg","jetpack_shortlink":"https:\/\/wp.me\/p6RhLt-9lo","jetpack_sharing_enabled":true,"_links":{"self":[{"href":"https:\/\/eldiariodesanpedro.com.ar\/sitio\/wp-json\/wp\/v2\/posts\/35922","targetHints":{"allow":["GET"]}}],"collection":[{"href":"https:\/\/eldiariodesanpedro.com.ar\/sitio\/wp-json\/wp\/v2\/posts"}],"about":[{"href":"https:\/\/eldiariodesanpedro.com.ar\/sitio\/wp-json\/wp\/v2\/types\/post"}],"author":[{"embeddable":true,"href":"https:\/\/eldiariodesanpedro.com.ar\/sitio\/wp-json\/wp\/v2\/users\/4"}],"replies":[{"embeddable":true,"href":"https:\/\/eldiariodesanpedro.com.ar\/sitio\/wp-json\/wp\/v2\/comments?post=35922"}],"version-history":[{"count":1,"href":"https:\/\/eldiariodesanpedro.com.ar\/sitio\/wp-json\/wp\/v2\/posts\/35922\/revisions"}],"predecessor-version":[{"id":35923,"href":"https:\/\/eldiariodesanpedro.com.ar\/sitio\/wp-json\/wp\/v2\/posts\/35922\/revisions\/35923"}],"wp:featuredmedia":[{"embeddable":true,"href":"https:\/\/eldiariodesanpedro.com.ar\/sitio\/wp-json\/wp\/v2\/media\/10379"}],"wp:attachment":[{"href":"https:\/\/eldiariodesanpedro.com.ar\/sitio\/wp-json\/wp\/v2\/media?parent=35922"}],"wp:term":[{"taxonomy":"category","embeddable":true,"href":"https:\/\/eldiariodesanpedro.com.ar\/sitio\/wp-json\/wp\/v2\/categories?post=35922"},{"taxonomy":"post_tag","embeddable":true,"href":"https:\/\/eldiariodesanpedro.com.ar\/sitio\/wp-json\/wp\/v2\/tags?post=35922"}],"curies":[{"name":"wp","href":"https:\/\/api.w.org\/{rel}","templated":true}]}}