{"id":35916,"date":"2018-07-04T20:39:55","date_gmt":"2018-07-04T23:39:55","guid":{"rendered":"https:\/\/eldiariodesanpedro.com.ar\/sitio\/?p=35916"},"modified":"2026-01-24T00:13:20","modified_gmt":"2026-01-24T03:13:20","slug":"automovilismo-junior-solmi-fue-quinto-en-olavarria","status":"publish","type":"post","link":"https:\/\/eldiariodesanpedro.com.ar\/sitio\/automovilismo-junior-solmi-fue-quinto-en-olavarria\/","title":{"rendered":"AUTOMOVILISMO: Junior Solmi fue quinto en Olavarr\u00eda"},"content":{"rendered":"<p><!-- VideographyWP Plugin Message: Automatic video embedding prevented by plugin options. --><br \/>\nComenzada la octava fecha, dentro de la categor\u00eda TCPM, el sampedrino Junior Solmi fue protagonista dentro de la actividad del fin de semana a nivel nacional, especialmente de TCM Y TCPM.<\/p>\n<p>  El s\u00e1bado sali\u00f3 a clasificar, porque el entrenamiento de la ma\u00f1ana fue anulado por problemas de niebla, que imposibilitaba la visi\u00f3n en la pista. Esto hizo que Solmi salga a clasificar sin antes ir a probar por temas de presupuesto (el viernes no estuvo presente), siendo este su primer contacto con el trazado de Olavarria en lo que va del a\u00f1o. En la misma Junior qued\u00f3 decimos\u00e9ptimo y apuntaba a una serie muy positiva.<\/p>\n<p>  Durante el mismo s\u00e1bado a la tarde se corri\u00f3 la serie, donde Solmi avanz\u00f3 un par de colocaciones y logr\u00f3 terminar en la sexta ubicaci\u00f3n, siendo una carrera muy apretada e intensa, que determinaba el sitio de partida en la grilla final de la competencia.<\/p>\n<p>  Ya el domingo, Solmi larg\u00f3 d\u00e9cimo segundo y finalizaba en el quinto puesto despu\u00e9s de remontar varios lugares para colocarse lo m\u00e1s adelante posible.<\/p>\n<p>  El campeonato lo tiene a Solmi d\u00e9cimo tercero a pocos puntos de quien est\u00e1 por encima en las posiciones y a un paso de estar dentro de la Copa de Plata, recordemos que tuvo que estar ausente en una fecha por problemas presupuestarios. <\/p>\n<p>  Como siempre el sampedrino lleva en su trompa \u00abFORZA SAN PEDRO\u00bb, agradeciendo a toda la gente que lo apoya.<\/p>\n<p><strong>Federico Gaita el ganador<\/strong><br \/>\n  El piloto de Chevrolet redonde\u00f3 un fin de semana impecable y gan\u00f3 su primera carrera en TC Pista Mouras, en Olavarr\u00eda.<\/p>\n<p>  Empez\u00f3 un fin de semana con resultados positivos: logr\u00f3 su primera pole position y gan\u00f3 la serie m\u00e1s r\u00e1pida. Y hoy no hizo m\u00e1s que demostrar su gran potencial: se adjudic\u00f3 la final de punta a punta y se prende a la lucha por el t\u00edtulo.<\/p>\n<p>  Franco Passarino fue su compa\u00f1ero de largada, quien se adue\u00f1\u00f3 de la serie restante del s\u00e1bado. A bordo de su Dodge fue en b\u00fasqueda de sobrepasarlo, pero no pudo. Aprovech\u00f3 el despiste de Lucas Carabajal, quien hasta ese entonces iba segundo, y comparti\u00f3 podio con Gaita.<br \/>\n  Lucas Granja, el piloto de Ford que tiene dos victorias en la temporada, culmin\u00f3 en tercer lugar y sum\u00f3 otro podio m\u00e1s a su trayectoria en 2018.<br \/>\n  La pr\u00f3xima competencia ser\u00e1 el 22 de julio en La Plata. <\/p>\n<p><strong>TC Mouras<\/strong><br \/>\n  No pudo estar presente el sampedrino Fernando Iglesias, quien ocupa el puesto 23 en la clasificaci\u00f3n de la categor\u00eda. Markel dio pelea y gan\u00f3 en Olavarr\u00eda, junto a Lucas Panarotti brindaron un espect\u00e1culo en la final. El piloto de Ford gan\u00f3 y es puntero. Markel supo dominar la competencia. El piloto del JP Carrera lo escolt\u00f3. Y consigui\u00f3 subir al podio Gast\u00f3n Rossi, tambi\u00e9n de gran de desempe\u00f1o durante el fin de semana. Al igual que el TCPM se corre en La Plata la pr\u00f3xima.<\/p>\n<p><strong>FEDENOR corre en Arrecifes<\/strong><br \/>\n  Las categor\u00edas zonales se har\u00e1n presentes en el circuito \u201cEl Costanero\u201d de Arrecifes organizado por el \u201cArrecifes Autom\u00f3vil Club\u201d el pr\u00f3ximo fin de semana, cuarta fecha del campeonato, siempre y cuando el tiempo lo permita, y estar\u00e1n presentes la legi\u00f3n de sampedrinos que compiten en las diferentes categor\u00edas, sobre todo el TC 850. La jornada comienza el s\u00e1bado 8.45 horas con los entrenamientos, debutantes y libres para titulares e invitados. Las competencias tendr\u00e1n invitados y hay varios binomios que integran pilotos de San Pedro, entre otros Marelli\/Iglesias, Hepp\/Dom\u00ednguez, Ricardo\/Gallo, Aldaz\u00e1bal\/Oppen, Parra\/Abeledo, Scarfo\/E. Iglesias, Chaparro\/Chaparro, Maes\/F. Iglesias. El domingo desde las 9 horas el plato fuerte para los amantes \u201ctuercas\u201d.<\/p>\n<p><strong>Campeonatos<\/strong><br \/>\n  El TC 850 ubica a Pablo Marelli en el segundo lugar, Jorge Hepp tercero, Pablo Ricardo cuarto, Mariano Aldaz\u00e1bal quinto, Federico Parra s\u00e9ptimo, Pablo Scarfo noveno y Maxi Maes d\u00e9cimo. TC Zonal Iglesias-Iglesias en la segunda ubicaci\u00f3n. TC 4000 Jorge Caso d\u00e9cimo quinto. <\/p>\n<div data-carousel-extra='{&quot;blog_id&quot;:1,&quot;permalink&quot;:&quot;https:\/\/eldiariodesanpedro.com.ar\/sitio\/automovilismo-junior-solmi-fue-quinto-en-olavarria\/&quot;}' id='gallery-1' class='gallery galleryid-35916 gallery-columns-3 gallery-size-large'><figure class='gallery-item'>\n\t\t\t<div class='gallery-icon landscape'>\n\t\t\t\t<a href='https:\/\/eldiariodesanpedro.com.ar\/sitio\/automovilismo-junior-solmi-fue-quinto-en-olavarria\/podio-netamente-sampedrino-en-el-tc-850-marelli-parra-y-hepp-pelean-el-campeonato\/'><img decoding=\"async\" width=\"640\" height=\"337\" data-src=\"https:\/\/eldiariodesanpedro.com.ar\/sitio\/wp-content\/uploads\/2018\/07\/Podio-netamente-sampedrino-en-el-TC-850.-Marelli-Parra-y-Hepp.-Pelean-el-campeonato-1024x539.jpg\" class=\"attachment-large size-large lazyload\" alt=\"El Diario de San Pedro | Noticias locales y regionales\" data-srcset=\"https:\/\/eldiariodesanpedro.com.ar\/sitio\/wp-content\/uploads\/2018\/07\/Podio-netamente-sampedrino-en-el-TC-850.-Marelli-Parra-y-Hepp.-Pelean-el-campeonato-1024x539.jpg 1024w, https:\/\/eldiariodesanpedro.com.ar\/sitio\/wp-content\/uploads\/2018\/07\/Podio-netamente-sampedrino-en-el-TC-850.-Marelli-Parra-y-Hepp.-Pelean-el-campeonato-300x158.jpg 300w, https:\/\/eldiariodesanpedro.com.ar\/sitio\/wp-content\/uploads\/2018\/07\/Podio-netamente-sampedrino-en-el-TC-850.-Marelli-Parra-y-Hepp.-Pelean-el-campeonato-768x405.jpg 768w, https:\/\/eldiariodesanpedro.com.ar\/sitio\/wp-content\/uploads\/2018\/07\/Podio-netamente-sampedrino-en-el-TC-850.-Marelli-Parra-y-Hepp.-Pelean-el-campeonato-390x205.jpg 390w, https:\/\/eldiariodesanpedro.com.ar\/sitio\/wp-content\/uploads\/2018\/07\/Podio-netamente-sampedrino-en-el-TC-850.-Marelli-Parra-y-Hepp.-Pelean-el-campeonato.jpg 1122w\" data-sizes=\"(max-width: 640px) 100vw, 640px\" data-attachment-id=\"35917\" data-permalink=\"https:\/\/eldiariodesanpedro.com.ar\/sitio\/automovilismo-junior-solmi-fue-quinto-en-olavarria\/podio-netamente-sampedrino-en-el-tc-850-marelli-parra-y-hepp-pelean-el-campeonato\/\" data-orig-file=\"https:\/\/eldiariodesanpedro.com.ar\/sitio\/wp-content\/uploads\/2018\/07\/Podio-netamente-sampedrino-en-el-TC-850.-Marelli-Parra-y-Hepp.-Pelean-el-campeonato.jpg\" data-orig-size=\"1122,591\" data-comments-opened=\"1\" data-image-meta=\"{&quot;aperture&quot;:&quot;0&quot;,&quot;credit&quot;:&quot;Fernando Bettendorff&quot;,&quot;camera&quot;:&quot;&quot;,&quot;caption&quot;:&quot;&quot;,&quot;created_timestamp&quot;:&quot;1530734990&quot;,&quot;copyright&quot;:&quot;&quot;,&quot;focal_length&quot;:&quot;0&quot;,&quot;iso&quot;:&quot;0&quot;,&quot;shutter_speed&quot;:&quot;0&quot;,&quot;title&quot;:&quot;&quot;,&quot;orientation&quot;:&quot;0&quot;}\" data-image-title=\"Podio netamente sampedrino en el TC 850. Marelli, Parra y Hepp. Pelean el campeonato\" data-image-description=\"\" data-image-caption=\"\" data-large-file=\"https:\/\/eldiariodesanpedro.com.ar\/sitio\/wp-content\/uploads\/2018\/07\/Podio-netamente-sampedrino-en-el-TC-850.-Marelli-Parra-y-Hepp.-Pelean-el-campeonato-1024x539.jpg\" src=\"data:image\/svg+xml;base64,PHN2ZyB3aWR0aD0iMSIgaGVpZ2h0PSIxIiB4bWxucz0iaHR0cDovL3d3dy53My5vcmcvMjAwMC9zdmciPjwvc3ZnPg==\" style=\"--smush-placeholder-width: 640px; --smush-placeholder-aspect-ratio: 640\/337;\" \/><\/a>\n\t\t\t<\/div><\/figure><figure class='gallery-item'>\n\t\t\t<div class='gallery-icon landscape'>\n\t\t\t\t<a href='https:\/\/eldiariodesanpedro.com.ar\/sitio\/automovilismo-junior-solmi-fue-quinto-en-olavarria\/el-box-del-piloto-de-san-pedro\/'><img decoding=\"async\" width=\"640\" height=\"480\" data-src=\"https:\/\/eldiariodesanpedro.com.ar\/sitio\/wp-content\/uploads\/2018\/07\/El-box-del-piloto-de-San-Pedro-1024x768.jpeg\" class=\"attachment-large size-large lazyload\" alt=\"El Diario de San Pedro | Noticias locales y regionales\" data-srcset=\"https:\/\/eldiariodesanpedro.com.ar\/sitio\/wp-content\/uploads\/2018\/07\/El-box-del-piloto-de-San-Pedro-1024x768.jpeg 1024w, https:\/\/eldiariodesanpedro.com.ar\/sitio\/wp-content\/uploads\/2018\/07\/El-box-del-piloto-de-San-Pedro-300x225.jpeg 300w, https:\/\/eldiariodesanpedro.com.ar\/sitio\/wp-content\/uploads\/2018\/07\/El-box-del-piloto-de-San-Pedro-768x576.jpeg 768w\" data-sizes=\"(max-width: 640px) 100vw, 640px\" data-attachment-id=\"35918\" data-permalink=\"https:\/\/eldiariodesanpedro.com.ar\/sitio\/automovilismo-junior-solmi-fue-quinto-en-olavarria\/el-box-del-piloto-de-san-pedro\/\" data-orig-file=\"https:\/\/eldiariodesanpedro.com.ar\/sitio\/wp-content\/uploads\/2018\/07\/El-box-del-piloto-de-San-Pedro.jpeg\" data-orig-size=\"4032,3024\" data-comments-opened=\"1\" data-image-meta=\"{&quot;aperture&quot;:&quot;0&quot;,&quot;credit&quot;:&quot;&quot;,&quot;camera&quot;:&quot;&quot;,&quot;caption&quot;:&quot;&quot;,&quot;created_timestamp&quot;:&quot;0&quot;,&quot;copyright&quot;:&quot;&quot;,&quot;focal_length&quot;:&quot;0&quot;,&quot;iso&quot;:&quot;0&quot;,&quot;shutter_speed&quot;:&quot;0&quot;,&quot;title&quot;:&quot;&quot;,&quot;orientation&quot;:&quot;1&quot;}\" data-image-title=\"El box del piloto de San Pedro\" data-image-description=\"\" data-image-caption=\"\" data-large-file=\"https:\/\/eldiariodesanpedro.com.ar\/sitio\/wp-content\/uploads\/2018\/07\/El-box-del-piloto-de-San-Pedro-1024x768.jpeg\" src=\"data:image\/svg+xml;base64,PHN2ZyB3aWR0aD0iMSIgaGVpZ2h0PSIxIiB4bWxucz0iaHR0cDovL3d3dy53My5vcmcvMjAwMC9zdmciPjwvc3ZnPg==\" style=\"--smush-placeholder-width: 640px; --smush-placeholder-aspect-ratio: 640\/480;\" \/><\/a>\n\t\t\t<\/div><\/figure><figure class='gallery-item'>\n\t\t\t<div class='gallery-icon landscape'>\n\t\t\t\t<a href='https:\/\/eldiariodesanpedro.com.ar\/sitio\/automovilismo-junior-solmi-fue-quinto-en-olavarria\/junior-solmi-previo-a-la-largada-en-olavarria\/'><img decoding=\"async\" width=\"640\" height=\"480\" data-src=\"https:\/\/eldiariodesanpedro.com.ar\/sitio\/wp-content\/uploads\/2018\/07\/Junior-Solmi-previo-a-la-largada-en-Olavarr\u00eda.jpg\" class=\"attachment-large size-large lazyload\" alt=\"El Diario de San Pedro | Noticias locales y regionales\" data-srcset=\"https:\/\/eldiariodesanpedro.com.ar\/sitio\/wp-content\/uploads\/2018\/07\/Junior-Solmi-previo-a-la-largada-en-Olavarr\u00eda.jpg 960w, https:\/\/eldiariodesanpedro.com.ar\/sitio\/wp-content\/uploads\/2018\/07\/Junior-Solmi-previo-a-la-largada-en-Olavarr\u00eda-300x225.jpg 300w, https:\/\/eldiariodesanpedro.com.ar\/sitio\/wp-content\/uploads\/2018\/07\/Junior-Solmi-previo-a-la-largada-en-Olavarr\u00eda-768x576.jpg 768w\" data-sizes=\"(max-width: 640px) 100vw, 640px\" data-attachment-id=\"35919\" data-permalink=\"https:\/\/eldiariodesanpedro.com.ar\/sitio\/automovilismo-junior-solmi-fue-quinto-en-olavarria\/junior-solmi-previo-a-la-largada-en-olavarria\/\" data-orig-file=\"https:\/\/eldiariodesanpedro.com.ar\/sitio\/wp-content\/uploads\/2018\/07\/Junior-Solmi-previo-a-la-largada-en-Olavarr\u00eda.jpg\" data-orig-size=\"960,720\" data-comments-opened=\"1\" data-image-meta=\"{&quot;aperture&quot;:&quot;0&quot;,&quot;credit&quot;:&quot;&quot;,&quot;camera&quot;:&quot;&quot;,&quot;caption&quot;:&quot;&quot;,&quot;created_timestamp&quot;:&quot;0&quot;,&quot;copyright&quot;:&quot;&quot;,&quot;focal_length&quot;:&quot;0&quot;,&quot;iso&quot;:&quot;0&quot;,&quot;shutter_speed&quot;:&quot;0&quot;,&quot;title&quot;:&quot;&quot;,&quot;orientation&quot;:&quot;0&quot;}\" data-image-title=\"Junior Solmi previo a la largada en Olavarr\u00eda\" data-image-description=\"\" data-image-caption=\"\" data-large-file=\"https:\/\/eldiariodesanpedro.com.ar\/sitio\/wp-content\/uploads\/2018\/07\/Junior-Solmi-previo-a-la-largada-en-Olavarr\u00eda.jpg\" src=\"data:image\/svg+xml;base64,PHN2ZyB3aWR0aD0iMSIgaGVpZ2h0PSIxIiB4bWxucz0iaHR0cDovL3d3dy53My5vcmcvMjAwMC9zdmciPjwvc3ZnPg==\" style=\"--smush-placeholder-width: 640px; --smush-placeholder-aspect-ratio: 640\/480;\" \/><\/a>\n\t\t\t<\/div><\/figure>\n\t\t<\/div>\n\n","protected":false},"excerpt":{"rendered":"<p>Comenzada la octava fecha, dentro de la categor\u00eda TCPM, el sampedrino Junior Solmi fue protagonista dentro de la actividad del fin de semana a nivel nacional, especialmente de TCM Y TCPM. El s\u00e1bado sali\u00f3 a clasificar, porque el entrenamiento de la ma\u00f1ana fue anulado por problemas de niebla, que imposibilitaba la visi\u00f3n en la pista. [&hellip;]<\/p>\n","protected":false},"author":4,"featured_media":35921,"comment_status":"open","ping_status":"closed","sticky":false,"template":"","format":"standard","meta":{"om_disable_all_campaigns":false,"_jetpack_memberships_contains_paid_content":false,"footnotes":""},"categories":[5],"tags":[],"class_list":["post-35916","post","type-post","status-publish","format-standard","has-post-thumbnail","hentry","category-deportes"],"aioseo_notices":[],"gutentor_comment":0,"jetpack_featured_media_url":"https:\/\/eldiariodesanpedro.com.ar\/sitio\/wp-content\/uploads\/2018\/07\/Junior-Solmi-previo-a-la-largada-en-Olavarr\u00eda-1.jpg","jetpack_shortlink":"https:\/\/wp.me\/p6RhLt-9li","jetpack_sharing_enabled":true,"_links":{"self":[{"href":"https:\/\/eldiariodesanpedro.com.ar\/sitio\/wp-json\/wp\/v2\/posts\/35916","targetHints":{"allow":["GET"]}}],"collection":[{"href":"https:\/\/eldiariodesanpedro.com.ar\/sitio\/wp-json\/wp\/v2\/posts"}],"about":[{"href":"https:\/\/eldiariodesanpedro.com.ar\/sitio\/wp-json\/wp\/v2\/types\/post"}],"author":[{"embeddable":true,"href":"https:\/\/eldiariodesanpedro.com.ar\/sitio\/wp-json\/wp\/v2\/users\/4"}],"replies":[{"embeddable":true,"href":"https:\/\/eldiariodesanpedro.com.ar\/sitio\/wp-json\/wp\/v2\/comments?post=35916"}],"version-history":[{"count":1,"href":"https:\/\/eldiariodesanpedro.com.ar\/sitio\/wp-json\/wp\/v2\/posts\/35916\/revisions"}],"predecessor-version":[{"id":35920,"href":"https:\/\/eldiariodesanpedro.com.ar\/sitio\/wp-json\/wp\/v2\/posts\/35916\/revisions\/35920"}],"wp:featuredmedia":[{"embeddable":true,"href":"https:\/\/eldiariodesanpedro.com.ar\/sitio\/wp-json\/wp\/v2\/media\/35921"}],"wp:attachment":[{"href":"https:\/\/eldiariodesanpedro.com.ar\/sitio\/wp-json\/wp\/v2\/media?parent=35916"}],"wp:term":[{"taxonomy":"category","embeddable":true,"href":"https:\/\/eldiariodesanpedro.com.ar\/sitio\/wp-json\/wp\/v2\/categories?post=35916"},{"taxonomy":"post_tag","embeddable":true,"href":"https:\/\/eldiariodesanpedro.com.ar\/sitio\/wp-json\/wp\/v2\/tags?post=35916"}],"curies":[{"name":"wp","href":"https:\/\/api.w.org\/{rel}","templated":true}]}}