{"id":35911,"date":"2018-07-04T20:33:30","date_gmt":"2018-07-04T23:33:30","guid":{"rendered":"https:\/\/eldiariodesanpedro.com.ar\/sitio\/?p=35911"},"modified":"2018-07-04T20:33:30","modified_gmt":"2018-07-04T23:33:30","slug":"este-jueves-sigue-el-control-de-vacunacion-en-escuelas","status":"publish","type":"post","link":"https:\/\/eldiariodesanpedro.com.ar\/sitio\/este-jueves-sigue-el-control-de-vacunacion-en-escuelas\/","title":{"rendered":"Este jueves sigue el control de vacunaci\u00f3n en escuelas"},"content":{"rendered":"<p><!-- VideographyWP Plugin Message: Automatic video embedding prevented by plugin options. --><br \/>\n  La Secretar\u00eda de Salud de la Municipalidad de San Pedro informa que prosigue la agenda del \u00abcontrol de vacunaci\u00f3n\u00bb en las escuelas, en el marco del plan de seguimiento que intenta detectar situaciones que requieran la intervenci\u00f3n correspondiente para asegurar la cobertura obligatoria para los ni\u00f1os. El relevamiento a cargo de personal del \u00e1rea incluye Control de Ingreso Escolar, Control de Esquemas Obligatorios y Vacunaci\u00f3n a Ni\u00f1os de 11 a\u00f1os. Los d\u00edas indicados los ni\u00f1os deben concurrir con su DNI y estar acompa\u00f1ados por un adulto responsable, adem\u00e1s de portar la libreta sanitaria obligatoria.<\/p>\n<p>  Las pr\u00f3ximas actividades programadas son:<\/p>\n<p><strong>Jueves 5 de julio 10 hs<\/strong><br \/>\nEscuela 501 &#8211; Turno Ma\u00f1ana<\/p>\n<p><strong>Martes 10 de julio 11 hs<\/strong><br \/>\nEscuela 43 &#8211; Turno ma\u00f1ana<\/p>\n<p><strong>Martes 10 de julio 14 hs<\/strong><br \/>\nEscuela 43 &#8211; Turno tarde<\/p>\n<p><strong>Mi\u00e9rcoles 11 de julio<\/strong><br \/>\nEscuela 1 &#8211; Turno ma\u00f1ana 11 hs<br \/>\nEscuela 1 &#8211; Turno tarde 14 hs<\/p>\n<p><strong>Jueves 12 de julio<\/strong><br \/>\nEscuela 6 &#8211; Turno ma\u00f1ana 11 hs<br \/>\nEscuela 6 &#8211; Turno tarde 14 hs<\/p>\n<p><strong>Viernes 13 de julio<\/strong><br \/>\nEscuela Normal &#8211; Turno Tarde 14 hs<\/p>\n","protected":false},"excerpt":{"rendered":"<p>La Secretar\u00eda de Salud de la Municipalidad de San Pedro informa que prosigue la agenda del \u00abcontrol de vacunaci\u00f3n\u00bb en las escuelas, en el marco del plan de seguimiento que intenta detectar situaciones que requieran la intervenci\u00f3n correspondiente para asegurar la cobertura obligatoria para los ni\u00f1os. El relevamiento a cargo de personal del \u00e1rea incluye [&hellip;]<\/p>\n","protected":false},"author":4,"featured_media":2564,"comment_status":"open","ping_status":"closed","sticky":false,"template":"","format":"standard","meta":{"om_disable_all_campaigns":false,"_jetpack_memberships_contains_paid_content":false,"footnotes":""},"categories":[101,2],"tags":[],"class_list":["post-35911","post","type-post","status-publish","format-standard","has-post-thumbnail","hentry","category-interes-general-locales","category-locales"],"aioseo_notices":[],"gutentor_comment":0,"jetpack_featured_media_url":"https:\/\/eldiariodesanpedro.com.ar\/sitio\/wp-content\/uploads\/2016\/03\/vacuna-1-1024x683.jpg","jetpack_shortlink":"https:\/\/wp.me\/p6RhLt-9ld","jetpack_sharing_enabled":true,"_links":{"self":[{"href":"https:\/\/eldiariodesanpedro.com.ar\/sitio\/wp-json\/wp\/v2\/posts\/35911","targetHints":{"allow":["GET"]}}],"collection":[{"href":"https:\/\/eldiariodesanpedro.com.ar\/sitio\/wp-json\/wp\/v2\/posts"}],"about":[{"href":"https:\/\/eldiariodesanpedro.com.ar\/sitio\/wp-json\/wp\/v2\/types\/post"}],"author":[{"embeddable":true,"href":"https:\/\/eldiariodesanpedro.com.ar\/sitio\/wp-json\/wp\/v2\/users\/4"}],"replies":[{"embeddable":true,"href":"https:\/\/eldiariodesanpedro.com.ar\/sitio\/wp-json\/wp\/v2\/comments?post=35911"}],"version-history":[{"count":1,"href":"https:\/\/eldiariodesanpedro.com.ar\/sitio\/wp-json\/wp\/v2\/posts\/35911\/revisions"}],"predecessor-version":[{"id":35914,"href":"https:\/\/eldiariodesanpedro.com.ar\/sitio\/wp-json\/wp\/v2\/posts\/35911\/revisions\/35914"}],"wp:featuredmedia":[{"embeddable":true,"href":"https:\/\/eldiariodesanpedro.com.ar\/sitio\/wp-json\/wp\/v2\/media\/2564"}],"wp:attachment":[{"href":"https:\/\/eldiariodesanpedro.com.ar\/sitio\/wp-json\/wp\/v2\/media?parent=35911"}],"wp:term":[{"taxonomy":"category","embeddable":true,"href":"https:\/\/eldiariodesanpedro.com.ar\/sitio\/wp-json\/wp\/v2\/categories?post=35911"},{"taxonomy":"post_tag","embeddable":true,"href":"https:\/\/eldiariodesanpedro.com.ar\/sitio\/wp-json\/wp\/v2\/tags?post=35911"}],"curies":[{"name":"wp","href":"https:\/\/api.w.org\/{rel}","templated":true}]}}