{"id":35903,"date":"2018-07-04T19:45:12","date_gmt":"2018-07-04T22:45:12","guid":{"rendered":"https:\/\/eldiariodesanpedro.com.ar\/sitio\/?p=35903"},"modified":"2018-07-04T19:45:12","modified_gmt":"2018-07-04T22:45:12","slug":"vecinos-del-barrio-el-argentino-crearon-un-comedor-para-ninos","status":"publish","type":"post","link":"https:\/\/eldiariodesanpedro.com.ar\/sitio\/vecinos-del-barrio-el-argentino-crearon-un-comedor-para-ninos\/","title":{"rendered":"Vecinos del barrio \u00abEl Argentino\u00bb crearon un comedor para ni\u00f1os"},"content":{"rendered":"<p><!-- VideographyWP Plugin Message: Automatic video embedding prevented by plugin options. --><br \/>\nRicardo y Laura comenzaron con un comedor comunitario llamado \u201cLorenzo y Quimei\u201d en honor a sus hijos. Este funciona en su propio domicilio, donde hoy dan de comer a m\u00e1s de 60 chicos. Solicitan la ayuda de los sampedrinos para poder seguir colaborando con sus vecinos del barrio con esta gran labor solidaria.<\/p>\n<p>  Ricardo y su mujer, Laura, comenzaron hace un mes con el comedor. Empezaron con 40 chicos y hoy, son 80 aproximadamente los chicos que asisten.<br \/>\n  Al comenzar buscaron a amigos a trav\u00e9s de Facebook para sumar ayuda, y en el barrio, fueron casa por casa contando lo que iban a hacer, la \u00fanica pauta a cumplir que ellos pusieron es que aceptan chicos de 1 a 13 a\u00f1os. <\/p>\n<p>  El comedor funciona desde su comienzo los s\u00e1bados y domingos, cuenta Ricardo que los chicos est\u00e1n contenidos al menos en el horario de la comida y, gracias a la ayuda inicial y progresiva de los amigos de este comedor, todo sigue funcionando y tienen m\u00e1s expectativas.  <\/p>\n<p>  La idea a corto plazo es que en estas vacaciones de invierno el comedor funcione de lunes a lunes, pero para eso piden la colaboraci\u00f3n de la ciudadan\u00eda en general. Necesitan fundamentalmente carnes y verduras, pero cualquier tipo de colaboraci\u00f3n es aceptada. Por ejemplo, esta semana recibieron un metegol de regalo, que est\u00e1 en el garaje de la casa y que los chicos disfrutan en el calor del comedor. Ricardo detall\u00f3 que, a pesar de cocinar al disco, una olla grande les ser\u00eda de mucha utilidad; as\u00ed como tambi\u00e9n pidi\u00f3 pares de medias para estos chicos que concurren al comedor.<\/p>\n<p>  Ricardo cocina, su mujer, la gestora de la idea -revela Ricardo- lo acompa\u00f1a y ayuda en todo, y sus hijos tambi\u00e9n colaboran con el comedor, adem\u00e1s de aprender de el gran ejemplo de vida que sus padres les regalan. <\/p>\n<p>   \u201cLo hacemos de coraz\u00f3n, para dar un ejemplo a nuestros hijos\u201d asever\u00f3 este gran cocinero.<\/p>\n<p>  Las donaciones se reciben en su domicilio sito en Manuel Iglesias al 2100, Barrio \u201cEl Argentino\u201d, se agradecen todas las donaciones.<\/p>\n","protected":false},"excerpt":{"rendered":"<p>Ricardo y Laura comenzaron con un comedor comunitario llamado \u201cLorenzo y Quimei\u201d en honor a sus hijos. Este funciona en su propio domicilio, donde hoy dan de comer a m\u00e1s de 60 chicos. Solicitan la ayuda de los sampedrinos para poder seguir colaborando con sus vecinos del barrio con esta gran labor solidaria. Ricardo y [&hellip;]<\/p>\n","protected":false},"author":4,"featured_media":35904,"comment_status":"open","ping_status":"closed","sticky":false,"template":"","format":"standard","meta":{"om_disable_all_campaigns":false,"_jetpack_memberships_contains_paid_content":false,"footnotes":""},"categories":[101,2],"tags":[],"class_list":["post-35903","post","type-post","status-publish","format-standard","has-post-thumbnail","hentry","category-interes-general-locales","category-locales"],"aioseo_notices":[],"gutentor_comment":0,"jetpack_featured_media_url":"https:\/\/eldiariodesanpedro.com.ar\/sitio\/wp-content\/uploads\/2018\/07\/TAPA.jpg","jetpack_shortlink":"https:\/\/wp.me\/p6RhLt-9l5","jetpack_sharing_enabled":true,"_links":{"self":[{"href":"https:\/\/eldiariodesanpedro.com.ar\/sitio\/wp-json\/wp\/v2\/posts\/35903","targetHints":{"allow":["GET"]}}],"collection":[{"href":"https:\/\/eldiariodesanpedro.com.ar\/sitio\/wp-json\/wp\/v2\/posts"}],"about":[{"href":"https:\/\/eldiariodesanpedro.com.ar\/sitio\/wp-json\/wp\/v2\/types\/post"}],"author":[{"embeddable":true,"href":"https:\/\/eldiariodesanpedro.com.ar\/sitio\/wp-json\/wp\/v2\/users\/4"}],"replies":[{"embeddable":true,"href":"https:\/\/eldiariodesanpedro.com.ar\/sitio\/wp-json\/wp\/v2\/comments?post=35903"}],"version-history":[{"count":1,"href":"https:\/\/eldiariodesanpedro.com.ar\/sitio\/wp-json\/wp\/v2\/posts\/35903\/revisions"}],"predecessor-version":[{"id":35905,"href":"https:\/\/eldiariodesanpedro.com.ar\/sitio\/wp-json\/wp\/v2\/posts\/35903\/revisions\/35905"}],"wp:featuredmedia":[{"embeddable":true,"href":"https:\/\/eldiariodesanpedro.com.ar\/sitio\/wp-json\/wp\/v2\/media\/35904"}],"wp:attachment":[{"href":"https:\/\/eldiariodesanpedro.com.ar\/sitio\/wp-json\/wp\/v2\/media?parent=35903"}],"wp:term":[{"taxonomy":"category","embeddable":true,"href":"https:\/\/eldiariodesanpedro.com.ar\/sitio\/wp-json\/wp\/v2\/categories?post=35903"},{"taxonomy":"post_tag","embeddable":true,"href":"https:\/\/eldiariodesanpedro.com.ar\/sitio\/wp-json\/wp\/v2\/tags?post=35903"}],"curies":[{"name":"wp","href":"https:\/\/api.w.org\/{rel}","templated":true}]}}