{"id":35900,"date":"2018-07-04T19:13:13","date_gmt":"2018-07-04T22:13:13","guid":{"rendered":"https:\/\/eldiariodesanpedro.com.ar\/sitio\/?p=35900"},"modified":"2018-07-04T19:13:13","modified_gmt":"2018-07-04T22:13:13","slug":"accidente-de-transito-entre-dos-automoviles-2","status":"publish","type":"post","link":"https:\/\/eldiariodesanpedro.com.ar\/sitio\/accidente-de-transito-entre-dos-automoviles-2\/","title":{"rendered":"Accidente de tr\u00e1nsito entre dos autom\u00f3viles"},"content":{"rendered":"<p><!-- VideographyWP Plugin Message: Automatic video embedding prevented by plugin options. --><br \/>\nEste mi\u00e9rcoles se produjo un accidente en la tarde de este mi\u00e9rcoles, en esta oportunidad entre dos autom\u00f3viles en la esquina de Libertad y Litoral. <\/p>\n<p>El hecho ocurri\u00f3 entre dos autom\u00f3viles un Renault 11 Rojo y un Volkswagen Gol Trend gris chocaron, por causas que se tratan de establecer.<\/p>\n<p>La ambulancia del SAME traslad\u00f3 a un menor de edad que habr\u00eda golpeado su cabeza contra el parabrisas, los conductores de los autom\u00f3viles resultaron ilesos.<\/p>\n","protected":false},"excerpt":{"rendered":"<p>Este mi\u00e9rcoles se produjo un accidente en la tarde de este mi\u00e9rcoles, en esta oportunidad entre dos autom\u00f3viles en la esquina de Libertad y Litoral. El hecho ocurri\u00f3 entre dos autom\u00f3viles un Renault 11 Rojo y un Volkswagen Gol Trend gris chocaron, por causas que se tratan de establecer. La ambulancia del SAME traslad\u00f3 a [&hellip;]<\/p>\n","protected":false},"author":4,"featured_media":35901,"comment_status":"open","ping_status":"closed","sticky":false,"template":"","format":"standard","meta":{"om_disable_all_campaigns":false,"_jetpack_memberships_contains_paid_content":false,"footnotes":""},"categories":[2,103],"tags":[],"class_list":["post-35900","post","type-post","status-publish","format-standard","has-post-thumbnail","hentry","category-locales","category-policiales-locales"],"aioseo_notices":[],"gutentor_comment":0,"jetpack_featured_media_url":"https:\/\/eldiariodesanpedro.com.ar\/sitio\/wp-content\/uploads\/2018\/07\/PAGINA-5-1.jpeg","jetpack_shortlink":"https:\/\/wp.me\/p6RhLt-9l2","jetpack_sharing_enabled":true,"_links":{"self":[{"href":"https:\/\/eldiariodesanpedro.com.ar\/sitio\/wp-json\/wp\/v2\/posts\/35900","targetHints":{"allow":["GET"]}}],"collection":[{"href":"https:\/\/eldiariodesanpedro.com.ar\/sitio\/wp-json\/wp\/v2\/posts"}],"about":[{"href":"https:\/\/eldiariodesanpedro.com.ar\/sitio\/wp-json\/wp\/v2\/types\/post"}],"author":[{"embeddable":true,"href":"https:\/\/eldiariodesanpedro.com.ar\/sitio\/wp-json\/wp\/v2\/users\/4"}],"replies":[{"embeddable":true,"href":"https:\/\/eldiariodesanpedro.com.ar\/sitio\/wp-json\/wp\/v2\/comments?post=35900"}],"version-history":[{"count":1,"href":"https:\/\/eldiariodesanpedro.com.ar\/sitio\/wp-json\/wp\/v2\/posts\/35900\/revisions"}],"predecessor-version":[{"id":35902,"href":"https:\/\/eldiariodesanpedro.com.ar\/sitio\/wp-json\/wp\/v2\/posts\/35900\/revisions\/35902"}],"wp:featuredmedia":[{"embeddable":true,"href":"https:\/\/eldiariodesanpedro.com.ar\/sitio\/wp-json\/wp\/v2\/media\/35901"}],"wp:attachment":[{"href":"https:\/\/eldiariodesanpedro.com.ar\/sitio\/wp-json\/wp\/v2\/media?parent=35900"}],"wp:term":[{"taxonomy":"category","embeddable":true,"href":"https:\/\/eldiariodesanpedro.com.ar\/sitio\/wp-json\/wp\/v2\/categories?post=35900"},{"taxonomy":"post_tag","embeddable":true,"href":"https:\/\/eldiariodesanpedro.com.ar\/sitio\/wp-json\/wp\/v2\/tags?post=35900"}],"curies":[{"name":"wp","href":"https:\/\/api.w.org\/{rel}","templated":true}]}}