{"id":35889,"date":"2018-07-04T10:56:13","date_gmt":"2018-07-04T13:56:13","guid":{"rendered":"https:\/\/eldiariodesanpedro.com.ar\/sitio\/?p=35889"},"modified":"2018-07-04T10:56:13","modified_gmt":"2018-07-04T13:56:13","slug":"san-nicolas-allanamientos-y-secuestro-de-indumentaria-policial-en-zona-norte","status":"publish","type":"post","link":"https:\/\/eldiariodesanpedro.com.ar\/sitio\/san-nicolas-allanamientos-y-secuestro-de-indumentaria-policial-en-zona-norte\/","title":{"rendered":"SAN NICOL\u00c1S: Allanamientos y secuestro de indumentaria policial en zona norte"},"content":{"rendered":"<p><!-- VideographyWP Plugin Message: Automatic video embedding prevented by plugin options. --><br \/>\nPersonal de la Comisar\u00eda Tercera, tras arduas tareas de investigaci\u00f3n, procedieron a realizar varios allanamientos en zona norte, en los que participaron efectivos del GAD, Comando de Patrullas y Polic\u00eda Local, logrando el secuestro de indumentaria policial y de otros elementos que habr\u00edan sido robados.<\/p>\n<p>Tras averiguaciones practicadas en torno a delitos ocurridos en la jurisdicci\u00f3n, m\u00e1s precisamente una causa por \u201camenazas calificadas\u201d, personal policial de la Comisar\u00eda Tercera, tras arduas tareas de investigaci\u00f3n, procedi\u00f3 a realizar allanamientos dispuestos por la Fiscal\u00eda n\u00b04 y el Juzgado de Garant\u00edas n\u00b02. En un domicilio sito en calle Perazzo, donde se secuestraron vestimentas y accesorios reglamentarios de la Polic\u00eda de la Provincia de Buenos Aires, elementos respecto de los cuales el morador de 37 a\u00f1os, no pudo justificar la procedencia.<\/p>\n<p>Los restantes domicilios allanados fueron en Barrios Yaguar\u00f3n y San Jorge, arrojando resultado negativo.<\/p>\n<p>Se instruyeron actuaciones penales caratuladas \u201cAveriguaci\u00f3n de procedencia\u201d, con intervenci\u00f3n de la Unidad Funcional de Instrucci\u00f3n n\u00b04 San Nicol\u00e1s.<\/p>\n<p>En definitiva se secuestraron: Una camisa con charretera de color azul, una tricota con charretera de color azul, una campera con charretera de color azul, una gorra del tipo quep\u00ed con el escudo de polic\u00eda de la provincia de Bs. As.,  todo  perteneciente a vestimenta reglamentaria de Polic\u00eda de la Provincia de Buenos Aires. Asimismo se incaut\u00f3 un correaje t\u00e1ctico con sus correspondiente accesorios, (porta esposas, porta cargador, una pistolera t\u00e1ctica para 9 mm). Se investiga para determinar con qu\u00e9 fines el aprehendido pose\u00eda esa indumentaria.<\/p>\n<p>Botas robadas<br \/>\nTambi\u00e9n, personal policial de la Comisar\u00eda Tercera, durante la investigaci\u00f3n de un hurto, en el que result\u00f3 v\u00edctima un joven de 22 a\u00f1os, con intervenci\u00f3n de la Fiscal\u00eda n\u00b0 6, y Juzgado de Garant\u00edas n\u00b0 2, llev\u00f3 a cabo una orden de allanamiento. Personal del Gabinete Criminol\u00f3gico, juntamente con  Comando de patrulla, UPPL  y G.A.D San Nicol\u00e1s realizaron el operativo en un domicilio sito en calle Perazo, que arroj\u00f3 resultado positivo, por cuanto se procedi\u00f3 a la aprehensi\u00f3n de un muchacho de 22 a\u00f1os y al secuestro de un par de botines de trabajo de la marca Voran. Se instruyeron actuaciones penales caratuladas \u201cHurto\u201d, con intervenci\u00f3n de la Unidad Funcional de Instrucci\u00f3n n\u00b0 6 San Nicol\u00e1s.<\/p>\n","protected":false},"excerpt":{"rendered":"<p>Personal de la Comisar\u00eda Tercera, tras arduas tareas de investigaci\u00f3n, procedieron a realizar varios allanamientos en zona norte, en los que participaron efectivos del GAD, Comando de Patrullas y Polic\u00eda Local, logrando el secuestro de indumentaria policial y de otros elementos que habr\u00edan sido robados. Tras averiguaciones practicadas en torno a delitos ocurridos en la [&hellip;]<\/p>\n","protected":false},"author":4,"featured_media":35890,"comment_status":"open","ping_status":"closed","sticky":false,"template":"","format":"standard","meta":{"om_disable_all_campaigns":false,"_jetpack_memberships_contains_paid_content":false,"footnotes":""},"categories":[621],"tags":[],"class_list":["post-35889","post","type-post","status-publish","format-standard","has-post-thumbnail","hentry","category-regionales"],"aioseo_notices":[],"gutentor_comment":0,"jetpack_featured_media_url":"https:\/\/eldiariodesanpedro.com.ar\/sitio\/wp-content\/uploads\/2018\/07\/elnorte5b3c895b9fd01_7-foto2-2x6.jpg","jetpack_shortlink":"https:\/\/wp.me\/p6RhLt-9kR","jetpack_sharing_enabled":true,"_links":{"self":[{"href":"https:\/\/eldiariodesanpedro.com.ar\/sitio\/wp-json\/wp\/v2\/posts\/35889","targetHints":{"allow":["GET"]}}],"collection":[{"href":"https:\/\/eldiariodesanpedro.com.ar\/sitio\/wp-json\/wp\/v2\/posts"}],"about":[{"href":"https:\/\/eldiariodesanpedro.com.ar\/sitio\/wp-json\/wp\/v2\/types\/post"}],"author":[{"embeddable":true,"href":"https:\/\/eldiariodesanpedro.com.ar\/sitio\/wp-json\/wp\/v2\/users\/4"}],"replies":[{"embeddable":true,"href":"https:\/\/eldiariodesanpedro.com.ar\/sitio\/wp-json\/wp\/v2\/comments?post=35889"}],"version-history":[{"count":1,"href":"https:\/\/eldiariodesanpedro.com.ar\/sitio\/wp-json\/wp\/v2\/posts\/35889\/revisions"}],"predecessor-version":[{"id":35891,"href":"https:\/\/eldiariodesanpedro.com.ar\/sitio\/wp-json\/wp\/v2\/posts\/35889\/revisions\/35891"}],"wp:featuredmedia":[{"embeddable":true,"href":"https:\/\/eldiariodesanpedro.com.ar\/sitio\/wp-json\/wp\/v2\/media\/35890"}],"wp:attachment":[{"href":"https:\/\/eldiariodesanpedro.com.ar\/sitio\/wp-json\/wp\/v2\/media?parent=35889"}],"wp:term":[{"taxonomy":"category","embeddable":true,"href":"https:\/\/eldiariodesanpedro.com.ar\/sitio\/wp-json\/wp\/v2\/categories?post=35889"},{"taxonomy":"post_tag","embeddable":true,"href":"https:\/\/eldiariodesanpedro.com.ar\/sitio\/wp-json\/wp\/v2\/tags?post=35889"}],"curies":[{"name":"wp","href":"https:\/\/api.w.org\/{rel}","templated":true}]}}