{"id":35886,"date":"2018-07-04T10:52:30","date_gmt":"2018-07-04T13:52:30","guid":{"rendered":"https:\/\/eldiariodesanpedro.com.ar\/sitio\/?p=35886"},"modified":"2018-07-04T10:52:30","modified_gmt":"2018-07-04T13:52:30","slug":"ramallo-barrio-caliente-bomberos-solo-entrara-a-barrio-sur-con-la-policia","status":"publish","type":"post","link":"https:\/\/eldiariodesanpedro.com.ar\/sitio\/ramallo-barrio-caliente-bomberos-solo-entrara-a-barrio-sur-con-la-policia\/","title":{"rendered":"RAMALLO: Barrio caliente, Bomberos s\u00f3lo entrar\u00e1 a Barrio Sur con la Polic\u00eda"},"content":{"rendered":"<p><!-- VideographyWP Plugin Message: Automatic video embedding prevented by plugin options. --><br \/>\nEl Jefe del Cuerpo de Bomberos Voluntarios de Ramallo, Horacio Iseas, se reuni\u00f3 con el subsecretario de Seguridad Municipal, Martin Maidana, para ver la situaci\u00f3n que aconteci\u00f3 en el Barrio Sur de la ciudad de Ramallo, cuando los oficiales de Bomberos acud\u00edan a un llamado de incendio y fueron apedreados por vecinos del lugar.<\/p>\n<p>Esta situaci\u00f3n se repite cada vez que deben acudir a un llamado de este sector de la ciudad, lo que motivo a los Bomberos a pedir apoyo policial para ingresar al barrio.<\/p>\n<p>En un comunicado de prensa, Bomberos Voluntarios de Villa Ramallo manifestaron lo siguiente:<\/p>\n<p>\u201cEn el d\u00eda de ayer, el Jefe de Cuerpo, Of. Principal Horacio Iseas, mantuvo una reuni\u00f3n en el edificio municipal con el Sr. Maidana Martin exponiendo la necesidad de contar con mayor apoyo policial cuando se generan siniestros en el Barrio Sur. En la misma se logr\u00f3 un acuerdo para prestar mayor colaboraci\u00f3n de parte del Estado municipal y la Polic\u00eda.<\/p>\n<p>Internamente se desarroll\u00f3 un plan de acci\u00f3n para llevar adelante cuando se susciten este tipo de Emergencias, buscando de esta forma crear un \u00e1mbito seguro para los bomberos intervinientes\u201d.<\/p>\n<p>Cuidar a los que nos cuidan<br \/>\nLa situaci\u00f3n de Bomberos es llamativa. Encendi\u00f3 una alarma dentro de la tensi\u00f3n social que marca la situaci\u00f3n que atraviesa ese sector de la ciudad de Ramallo. Los oficiales exigen \u201cmayor colaboraci\u00f3n de parte del Estado Municipal y la Polic\u00eda\u201d, un grito de ayuda ante la imposibilidad de realizar su trabajo: salvar bienes y vidas humanas.<\/p>\n<p>Este pedido, inusual viniendo de una instituci\u00f3n intachable e imprescindible de nuestra sociedad, da cuenta de la situaci\u00f3n social que reina en Barrio Sur, donde la violencia se hace ley, y la anomia rige a su paso.<\/p>\n<p>Fuente: <a href=\"http:\/\/www.ramalloinforma.com.ar\">Ramallo Informa<\/a><\/p>\n","protected":false},"excerpt":{"rendered":"<p>El Jefe del Cuerpo de Bomberos Voluntarios de Ramallo, Horacio Iseas, se reuni\u00f3 con el subsecretario de Seguridad Municipal, Martin Maidana, para ver la situaci\u00f3n que aconteci\u00f3 en el Barrio Sur de la ciudad de Ramallo, cuando los oficiales de Bomberos acud\u00edan a un llamado de incendio y fueron apedreados por vecinos del lugar. Esta [&hellip;]<\/p>\n","protected":false},"author":4,"featured_media":35887,"comment_status":"open","ping_status":"closed","sticky":false,"template":"","format":"standard","meta":{"om_disable_all_campaigns":false,"_jetpack_memberships_contains_paid_content":false,"footnotes":""},"categories":[621],"tags":[],"class_list":["post-35886","post","type-post","status-publish","format-standard","has-post-thumbnail","hentry","category-regionales"],"aioseo_notices":[],"gutentor_comment":0,"jetpack_featured_media_url":"https:\/\/eldiariodesanpedro.com.ar\/sitio\/wp-content\/uploads\/2018\/07\/policia002-850x450.jpg","jetpack_shortlink":"https:\/\/wp.me\/p6RhLt-9kO","jetpack_sharing_enabled":true,"_links":{"self":[{"href":"https:\/\/eldiariodesanpedro.com.ar\/sitio\/wp-json\/wp\/v2\/posts\/35886","targetHints":{"allow":["GET"]}}],"collection":[{"href":"https:\/\/eldiariodesanpedro.com.ar\/sitio\/wp-json\/wp\/v2\/posts"}],"about":[{"href":"https:\/\/eldiariodesanpedro.com.ar\/sitio\/wp-json\/wp\/v2\/types\/post"}],"author":[{"embeddable":true,"href":"https:\/\/eldiariodesanpedro.com.ar\/sitio\/wp-json\/wp\/v2\/users\/4"}],"replies":[{"embeddable":true,"href":"https:\/\/eldiariodesanpedro.com.ar\/sitio\/wp-json\/wp\/v2\/comments?post=35886"}],"version-history":[{"count":1,"href":"https:\/\/eldiariodesanpedro.com.ar\/sitio\/wp-json\/wp\/v2\/posts\/35886\/revisions"}],"predecessor-version":[{"id":35888,"href":"https:\/\/eldiariodesanpedro.com.ar\/sitio\/wp-json\/wp\/v2\/posts\/35886\/revisions\/35888"}],"wp:featuredmedia":[{"embeddable":true,"href":"https:\/\/eldiariodesanpedro.com.ar\/sitio\/wp-json\/wp\/v2\/media\/35887"}],"wp:attachment":[{"href":"https:\/\/eldiariodesanpedro.com.ar\/sitio\/wp-json\/wp\/v2\/media?parent=35886"}],"wp:term":[{"taxonomy":"category","embeddable":true,"href":"https:\/\/eldiariodesanpedro.com.ar\/sitio\/wp-json\/wp\/v2\/categories?post=35886"},{"taxonomy":"post_tag","embeddable":true,"href":"https:\/\/eldiariodesanpedro.com.ar\/sitio\/wp-json\/wp\/v2\/tags?post=35886"}],"curies":[{"name":"wp","href":"https:\/\/api.w.org\/{rel}","templated":true}]}}