{"id":35882,"date":"2018-07-04T10:47:08","date_gmt":"2018-07-04T13:47:08","guid":{"rendered":"https:\/\/eldiariodesanpedro.com.ar\/sitio\/?p=35882"},"modified":"2018-07-04T10:47:08","modified_gmt":"2018-07-04T13:47:08","slug":"baradero-quickfood-en-venta-el-frigorifico-brf-suelta-sus-activos-en-argentina","status":"publish","type":"post","link":"https:\/\/eldiariodesanpedro.com.ar\/sitio\/baradero-quickfood-en-venta-el-frigorifico-brf-suelta-sus-activos-en-argentina\/","title":{"rendered":"BARADERo: Quickfood, en venta: el frigor\u00edfico BRF suelta sus activos en Argentina"},"content":{"rendered":"<p><!-- VideographyWP Plugin Message: Automatic video embedding prevented by plugin options. --><br \/>\nEntre las plantas en venta se encuentra la ubicada en nuestra ciudad. El jueves pr\u00f3ximo los representantes del Sindicato de la Carne tendr\u00e1n una reuni\u00f3n con la empresa para interiorizarse sobre la situaci\u00f3n. De todos modos, confirmaron a este medio que la informaci\u00f3n publicada este martes por El Cronista es veraz.<\/p>\n<p>A continuaci\u00f3n, compartimos la publicaci\u00f3n de El Cronista:<br \/>\n<em>Los due\u00f1os de Paty y Vienissima encaran una reestructuraci\u00f3n global. En el pa\u00eds operan tres plantas, pero acumulan periodos con fuertes p\u00e9rdidas.<\/em><br \/>\n<em>Los due\u00f1os de las tradicionales marcas alimenticias Paty y Vienissima pondr\u00e1n en venta sus activos en el pa\u00eds. Se trata del grupo frigor\u00edfico brasile\u00f1o BRF, controlante en el pa\u00eds de Quickfood, el brazo con el que manejan dichas marcas, que aprob\u00f3 un plan de reestructuraci\u00f3n financiera y operativa a nivel global, en el cual prev\u00e9 desprenderse de distintas unidades de negocios.<\/em><br \/>\n<em>Entre ellas, las de Argentina, Europa y Tailandia, para enfocar sus transacciones en el mercado brasilero, Asia y el mercado musulm\u00e1n.<\/em><br \/>\n<em>\u201cEsos son mercados en los que la compa\u00f1\u00eda ocupa una posici\u00f3n de liderazgo y tiene fuertes ventajas competitivas. El objetivo es mejorar la estructura de capital social reduciendo el apalancamiento de deuda\u201d, inform\u00f3 en una comunicaci\u00f3n enviada a la Comisi\u00f3n Nacional de Valores (CNV). La firma agrega que el plan tambi\u00e9n comprende la venta de activos inmobiliarios y no operacionales, as\u00ed como de participaciones minoritarias en compa\u00f1\u00edas, con el que prev\u00e9 recaudar alrededor de $ 5000 millones de Reales. La reestructuraci\u00f3n ya comenz\u00f3 en marzo de este a\u00f1o, con ajustes en l\u00edneas de producci\u00f3n, licencias colectivas pagas y una reducci\u00f3n de alrededor del 5% de los empleados de f\u00e1brica en Brasil.<\/em><br \/>\n<em>En la Argentina, la compa\u00f1\u00eda es due\u00f1a de, adem\u00e1s de Paty y Vienissima, las marcas Patyviena, Wilson, Hamond, Tres Cruces y GoodMark, con las que maneja casi dos tercios del mercado de hamburguesas y alrededor de un tercio del mercado de salchichas. Pero su situaci\u00f3n comenz\u00f3 a ser cr\u00edtica en los \u00faltimos per\u00edodos donde report\u00f3 constantes p\u00e9rdidas. As\u00ed lo reconoce en su \u00faltimo balance trimestral, donde especifica que para recomponer el patrimonio neto obtuvo en 2016 capitalizaci\u00f3n de cr\u00e9ditos comerciales por parte de su controlante, mientras que en 2017 los accionistas tuvieron que realizar un aporte irrevocable de capital de $ 865,8 millones en efectivo, en paralelo a la emisi\u00f3n de nuevas obligaciones negociables por $ 439,4 millones para cancelar obligaciones de corto plazo.<\/em><\/p>\n<p><img decoding=\"async\" data-attachment-id=\"35883\" data-permalink=\"https:\/\/eldiariodesanpedro.com.ar\/sitio\/baradero-quickfood-en-venta-el-frigorifico-brf-suelta-sus-activos-en-argentina\/campo-2612224h540\/\" data-orig-file=\"https:\/\/eldiariodesanpedro.com.ar\/sitio\/wp-content\/uploads\/2018\/07\/campo-2612224h540.jpg\" data-orig-size=\"960,540\" data-comments-opened=\"1\" data-image-meta=\"{&quot;aperture&quot;:&quot;0&quot;,&quot;credit&quot;:&quot;&quot;,&quot;camera&quot;:&quot;&quot;,&quot;caption&quot;:&quot;&quot;,&quot;created_timestamp&quot;:&quot;0&quot;,&quot;copyright&quot;:&quot;&quot;,&quot;focal_length&quot;:&quot;0&quot;,&quot;iso&quot;:&quot;0&quot;,&quot;shutter_speed&quot;:&quot;0&quot;,&quot;title&quot;:&quot;&quot;,&quot;orientation&quot;:&quot;0&quot;}\" data-image-title=\"campo-2612224h540\" data-image-description=\"\" data-image-caption=\"\" data-large-file=\"https:\/\/eldiariodesanpedro.com.ar\/sitio\/wp-content\/uploads\/2018\/07\/campo-2612224h540.jpg\" class=\"size-full wp-image-35883 aligncenter lazyload\" data-src=\"https:\/\/eldiariodesanpedro.com.ar\/sitio\/wp-content\/uploads\/2018\/07\/campo-2612224h540.jpg\" alt=\"\" width=\"960\" height=\"540\" data-srcset=\"https:\/\/eldiariodesanpedro.com.ar\/sitio\/wp-content\/uploads\/2018\/07\/campo-2612224h540.jpg 960w, https:\/\/eldiariodesanpedro.com.ar\/sitio\/wp-content\/uploads\/2018\/07\/campo-2612224h540-300x169.jpg 300w, https:\/\/eldiariodesanpedro.com.ar\/sitio\/wp-content\/uploads\/2018\/07\/campo-2612224h540-768x432.jpg 768w\" data-sizes=\"(max-width: 960px) 100vw, 960px\" src=\"data:image\/svg+xml;base64,PHN2ZyB3aWR0aD0iMSIgaGVpZ2h0PSIxIiB4bWxucz0iaHR0cDovL3d3dy53My5vcmcvMjAwMC9zdmciPjwvc3ZnPg==\" style=\"--smush-placeholder-width: 960px; --smush-placeholder-aspect-ratio: 960\/540;\" \/><\/p>\n<p>Fuente: Tu Linea Directa &#8211; El cronista<\/p>\n","protected":false},"excerpt":{"rendered":"<p>Entre las plantas en venta se encuentra la ubicada en nuestra ciudad. El jueves pr\u00f3ximo los representantes del Sindicato de la Carne tendr\u00e1n una reuni\u00f3n con la empresa para interiorizarse sobre la situaci\u00f3n. De todos modos, confirmaron a este medio que la informaci\u00f3n publicada este martes por El Cronista es veraz. A continuaci\u00f3n, compartimos la [&hellip;]<\/p>\n","protected":false},"author":4,"featured_media":35884,"comment_status":"open","ping_status":"closed","sticky":false,"template":"","format":"standard","meta":{"om_disable_all_campaigns":false,"_jetpack_memberships_contains_paid_content":false,"footnotes":""},"categories":[621],"tags":[],"class_list":["post-35882","post","type-post","status-publish","format-standard","has-post-thumbnail","hentry","category-regionales"],"aioseo_notices":[],"gutentor_comment":0,"jetpack_featured_media_url":"https:\/\/eldiariodesanpedro.com.ar\/sitio\/wp-content\/uploads\/2018\/07\/cc030718g021f06_crop1530579021173.jpg_258117318.jpg","jetpack_shortlink":"https:\/\/wp.me\/p6RhLt-9kK","jetpack_sharing_enabled":true,"_links":{"self":[{"href":"https:\/\/eldiariodesanpedro.com.ar\/sitio\/wp-json\/wp\/v2\/posts\/35882","targetHints":{"allow":["GET"]}}],"collection":[{"href":"https:\/\/eldiariodesanpedro.com.ar\/sitio\/wp-json\/wp\/v2\/posts"}],"about":[{"href":"https:\/\/eldiariodesanpedro.com.ar\/sitio\/wp-json\/wp\/v2\/types\/post"}],"author":[{"embeddable":true,"href":"https:\/\/eldiariodesanpedro.com.ar\/sitio\/wp-json\/wp\/v2\/users\/4"}],"replies":[{"embeddable":true,"href":"https:\/\/eldiariodesanpedro.com.ar\/sitio\/wp-json\/wp\/v2\/comments?post=35882"}],"version-history":[{"count":1,"href":"https:\/\/eldiariodesanpedro.com.ar\/sitio\/wp-json\/wp\/v2\/posts\/35882\/revisions"}],"predecessor-version":[{"id":35885,"href":"https:\/\/eldiariodesanpedro.com.ar\/sitio\/wp-json\/wp\/v2\/posts\/35882\/revisions\/35885"}],"wp:featuredmedia":[{"embeddable":true,"href":"https:\/\/eldiariodesanpedro.com.ar\/sitio\/wp-json\/wp\/v2\/media\/35884"}],"wp:attachment":[{"href":"https:\/\/eldiariodesanpedro.com.ar\/sitio\/wp-json\/wp\/v2\/media?parent=35882"}],"wp:term":[{"taxonomy":"category","embeddable":true,"href":"https:\/\/eldiariodesanpedro.com.ar\/sitio\/wp-json\/wp\/v2\/categories?post=35882"},{"taxonomy":"post_tag","embeddable":true,"href":"https:\/\/eldiariodesanpedro.com.ar\/sitio\/wp-json\/wp\/v2\/tags?post=35882"}],"curies":[{"name":"wp","href":"https:\/\/api.w.org\/{rel}","templated":true}]}}