{"id":35878,"date":"2018-07-04T10:39:04","date_gmt":"2018-07-04T13:39:04","guid":{"rendered":"https:\/\/eldiariodesanpedro.com.ar\/sitio\/?p=35878"},"modified":"2018-07-04T10:39:04","modified_gmt":"2018-07-04T13:39:04","slug":"san-nicolas-inminente-final-de-obra-del-terraplen-para-evitar-inundaciones-en-la-emilia","status":"publish","type":"post","link":"https:\/\/eldiariodesanpedro.com.ar\/sitio\/san-nicolas-inminente-final-de-obra-del-terraplen-para-evitar-inundaciones-en-la-emilia\/","title":{"rendered":"SAN NICOLAS: Inminente final de obra del terrapl\u00e9n para evitar inundaciones en La Emilia"},"content":{"rendered":"<p><!-- VideographyWP Plugin Message: Automatic video embedding prevented by plugin options. --><br \/>\n\u201cYa est\u00e1 concluida toda la obra licitada. S\u00f3lo resta un peque\u00f1o tramo que se anex\u00f3 al proyecto original\u201d, afirm\u00f3 Miguel Ponzonesi, integrante del Foro de Ideas Emilianas (Fodiem). En rigor, falta altear el sector que rodea a la planta Motomel, y colocar las dos compuertas para evacuar agua en caso de desborde.<\/p>\n<p>Tranquilidad. Esa es la sensaci\u00f3n que hoy transmiten hoy vecinos de La Emilia ante la inminente culminaci\u00f3n de las obras h\u00eddricas ejecutadas all\u00ed por Provincia. De hecho, organizaciones como el Fodiem (Foro de Ideas Emilianas), que durante largos a\u00f1os demandaron obras que permitieran resguardar al pueblo emiliano de las inundaciones, hoy expresan el entusiasmo de dar un paso hist\u00f3rico en materia de obra h\u00eddrica.<\/p>\n<p>\u201cLo que resta hacer es muy poco. Calculamos que en un par de semanas estar\u00e1 todo terminado\u201d, afirma Miguel Ponzonesi, miembro de Fodiem y voz representativa de las demandas de La Emilia en relaci\u00f3n a las obras de alteo del terrapl\u00e9n, colocaci\u00f3n de compuertas, bombas de desagote y un sistema de alerta temprana.<\/p>\n<p>\u201cTodos los trabajos previstos en el Pliegue de Bases y Condiciones para ejecutarse hasta junio est\u00e1n pr\u00e1cticamente terminados. S\u00f3lo resta acordar la terminaci\u00f3n de unos trabajos que se anexaron al proyecto original\u201d, explic\u00f3 Ponzonesi. De acuerdo a lo manifestado por el integrante del Fodiem, resta levantar el sector del terrapl\u00e9n que se ubica en la parte posterior a la planta de Motomel, donde la Provincia, el gobierno municipal y la empresa deben definir algunas cuestiones t\u00e9cnicas. Cabe se\u00f1alar que el terrapl\u00e9n fue elevado unos 50 cent\u00edmetros del nivel que alcanz\u00f3 la \u00faltima crecida, la m\u00e1s importante de la historia reciente de La Emilia.<\/p>\n<p>Lo anunciado<br \/>\nEstos plazos de finalizaci\u00f3n de obras se corresponden con lo que el Ministro de Infraestructura de la provincia de Buenos Aires le dijera a este medio a mediados de mayo pasado. \u201cConfiamos que en sesenta d\u00edas la obra est\u00e9 cien por ciento terminada\u201d, asegur\u00f3 Roberto Gigante en di\u00e1logo con EL NORTE.<br \/>\n\u201cTodo el trabajo de alteo con tierra y la parte hormigonada del terrapl\u00e9n est\u00e1 completada. Falta que se coloquen las dos compuertas previstas para que se pueda retirar el agua en caso eventual de un desborde. Estimamos que es un trabajo de dos semanas\u201d, se entusiasm\u00f3 Ponzonesi. En ese per\u00edodo tambi\u00e9n se construir\u00e1 la plataforma de tierra compactada desde donde se opera la apertura y cierre de compuertas. Vale agregar que est\u00e1n disponibles desde enero de este a\u00f1o las cuatro bombas de desagote, que se complementan con el sistema de compuertas.<br \/>\nAsimismo, el sistema de alerta temprana se encuentra funcionando desde el mes de febrero. Se trata de la instalaci\u00f3n de un sistema de monitoreo a partir de cuatro estaciones meteorol\u00f3gicas distribuidas sobre el cauce del Arroyo del Medio, una a la altura del pueblo y las otras tres distribuidas aguas arriba, que permitir\u00e1n seguir el comportamiento de las aguas y as\u00ed estar en condiciones de activar las alarmas tempranas en casos de crecida.<\/p>\n<p>Fuente: Diario El Norte<\/p>\n","protected":false},"excerpt":{"rendered":"<p>\u201cYa est\u00e1 concluida toda la obra licitada. S\u00f3lo resta un peque\u00f1o tramo que se anex\u00f3 al proyecto original\u201d, afirm\u00f3 Miguel Ponzonesi, integrante del Foro de Ideas Emilianas (Fodiem). En rigor, falta altear el sector que rodea a la planta Motomel, y colocar las dos compuertas para evacuar agua en caso de desborde. Tranquilidad. Esa es [&hellip;]<\/p>\n","protected":false},"author":4,"featured_media":35879,"comment_status":"open","ping_status":"closed","sticky":false,"template":"","format":"standard","meta":{"om_disable_all_campaigns":false,"_jetpack_memberships_contains_paid_content":false,"footnotes":""},"categories":[621],"tags":[],"class_list":["post-35878","post","type-post","status-publish","format-standard","has-post-thumbnail","hentry","category-regionales"],"aioseo_notices":[],"gutentor_comment":0,"jetpack_featured_media_url":"https:\/\/eldiariodesanpedro.com.ar\/sitio\/wp-content\/uploads\/2018\/07\/elnorte5b3c88d961ae4_2-terraplen-4col.jpg","jetpack_shortlink":"https:\/\/wp.me\/p6RhLt-9kG","jetpack_sharing_enabled":true,"_links":{"self":[{"href":"https:\/\/eldiariodesanpedro.com.ar\/sitio\/wp-json\/wp\/v2\/posts\/35878","targetHints":{"allow":["GET"]}}],"collection":[{"href":"https:\/\/eldiariodesanpedro.com.ar\/sitio\/wp-json\/wp\/v2\/posts"}],"about":[{"href":"https:\/\/eldiariodesanpedro.com.ar\/sitio\/wp-json\/wp\/v2\/types\/post"}],"author":[{"embeddable":true,"href":"https:\/\/eldiariodesanpedro.com.ar\/sitio\/wp-json\/wp\/v2\/users\/4"}],"replies":[{"embeddable":true,"href":"https:\/\/eldiariodesanpedro.com.ar\/sitio\/wp-json\/wp\/v2\/comments?post=35878"}],"version-history":[{"count":1,"href":"https:\/\/eldiariodesanpedro.com.ar\/sitio\/wp-json\/wp\/v2\/posts\/35878\/revisions"}],"predecessor-version":[{"id":35880,"href":"https:\/\/eldiariodesanpedro.com.ar\/sitio\/wp-json\/wp\/v2\/posts\/35878\/revisions\/35880"}],"wp:featuredmedia":[{"embeddable":true,"href":"https:\/\/eldiariodesanpedro.com.ar\/sitio\/wp-json\/wp\/v2\/media\/35879"}],"wp:attachment":[{"href":"https:\/\/eldiariodesanpedro.com.ar\/sitio\/wp-json\/wp\/v2\/media?parent=35878"}],"wp:term":[{"taxonomy":"category","embeddable":true,"href":"https:\/\/eldiariodesanpedro.com.ar\/sitio\/wp-json\/wp\/v2\/categories?post=35878"},{"taxonomy":"post_tag","embeddable":true,"href":"https:\/\/eldiariodesanpedro.com.ar\/sitio\/wp-json\/wp\/v2\/tags?post=35878"}],"curies":[{"name":"wp","href":"https:\/\/api.w.org\/{rel}","templated":true}]}}