{"id":35875,"date":"2018-07-04T10:30:01","date_gmt":"2018-07-04T13:30:01","guid":{"rendered":"https:\/\/eldiariodesanpedro.com.ar\/sitio\/?p=35875"},"modified":"2018-07-04T10:30:01","modified_gmt":"2018-07-04T13:30:01","slug":"baradero-le-pego-a-su-pareja-con-un-hacha","status":"publish","type":"post","link":"https:\/\/eldiariodesanpedro.com.ar\/sitio\/baradero-le-pego-a-su-pareja-con-un-hacha\/","title":{"rendered":"BARADERO: Le peg\u00f3 a su pareja con un hacha"},"content":{"rendered":"<p><!-- VideographyWP Plugin Message: Automatic video embedding prevented by plugin options. --><br \/>\nEl lamentable hecho ocurri\u00f3 este fin de semana. Se trata de una situaci\u00f3n de violencia de g\u00e9nero. Una discusi\u00f3n de pareja en una propiedad culmin\u00f3 con el hombre golpeando a una mujer con un hacha. La misma debi\u00f3 ser asistida en el nosocomio local.<\/p>\n<p>Si bien no alcanz\u00f3 a generar una herida cortante, debieron hospitalizarla producto del golpe recibido con la herramienta.<\/p>\n<p>En un primer momento, ella se negaba a ir al hospital as\u00ed como tambi\u00e9n a realizar la denuncia. Afortunadamente, personal de la Comisar\u00eda de la Mujer e integrantes de su familia lograron convencerla de radicar la denuncia correspondiente. Como as\u00ed tambi\u00e9n de recibir asistencia m\u00e9dica.<\/p>\n<p>Como sucede en varias situaciones similares, ya exist\u00eda una denuncia previa sobre una situaci\u00f3n de violencia de su pareja hacia ella.<\/p>\n<p>Fuente: <a href=\"http:\/\/www.tulineadirecta.com\/le-pego-a-su-pareja-con-un-hacha\/\">Tu Linea Directa<\/a><\/p>\n","protected":false},"excerpt":{"rendered":"<p>El lamentable hecho ocurri\u00f3 este fin de semana. Se trata de una situaci\u00f3n de violencia de g\u00e9nero. Una discusi\u00f3n de pareja en una propiedad culmin\u00f3 con el hombre golpeando a una mujer con un hacha. La misma debi\u00f3 ser asistida en el nosocomio local. Si bien no alcanz\u00f3 a generar una herida cortante, debieron hospitalizarla [&hellip;]<\/p>\n","protected":false},"author":4,"featured_media":35876,"comment_status":"open","ping_status":"closed","sticky":false,"template":"","format":"standard","meta":{"om_disable_all_campaigns":false,"_jetpack_memberships_contains_paid_content":false,"footnotes":""},"categories":[621],"tags":[],"class_list":["post-35875","post","type-post","status-publish","format-standard","has-post-thumbnail","hentry","category-regionales"],"aioseo_notices":[],"gutentor_comment":0,"jetpack_featured_media_url":"https:\/\/eldiariodesanpedro.com.ar\/sitio\/wp-content\/uploads\/2018\/07\/LogoLicious_20180206_092141.jpg","jetpack_shortlink":"https:\/\/wp.me\/p6RhLt-9kD","jetpack_sharing_enabled":true,"_links":{"self":[{"href":"https:\/\/eldiariodesanpedro.com.ar\/sitio\/wp-json\/wp\/v2\/posts\/35875","targetHints":{"allow":["GET"]}}],"collection":[{"href":"https:\/\/eldiariodesanpedro.com.ar\/sitio\/wp-json\/wp\/v2\/posts"}],"about":[{"href":"https:\/\/eldiariodesanpedro.com.ar\/sitio\/wp-json\/wp\/v2\/types\/post"}],"author":[{"embeddable":true,"href":"https:\/\/eldiariodesanpedro.com.ar\/sitio\/wp-json\/wp\/v2\/users\/4"}],"replies":[{"embeddable":true,"href":"https:\/\/eldiariodesanpedro.com.ar\/sitio\/wp-json\/wp\/v2\/comments?post=35875"}],"version-history":[{"count":1,"href":"https:\/\/eldiariodesanpedro.com.ar\/sitio\/wp-json\/wp\/v2\/posts\/35875\/revisions"}],"predecessor-version":[{"id":35877,"href":"https:\/\/eldiariodesanpedro.com.ar\/sitio\/wp-json\/wp\/v2\/posts\/35875\/revisions\/35877"}],"wp:featuredmedia":[{"embeddable":true,"href":"https:\/\/eldiariodesanpedro.com.ar\/sitio\/wp-json\/wp\/v2\/media\/35876"}],"wp:attachment":[{"href":"https:\/\/eldiariodesanpedro.com.ar\/sitio\/wp-json\/wp\/v2\/media?parent=35875"}],"wp:term":[{"taxonomy":"category","embeddable":true,"href":"https:\/\/eldiariodesanpedro.com.ar\/sitio\/wp-json\/wp\/v2\/categories?post=35875"},{"taxonomy":"post_tag","embeddable":true,"href":"https:\/\/eldiariodesanpedro.com.ar\/sitio\/wp-json\/wp\/v2\/tags?post=35875"}],"curies":[{"name":"wp","href":"https:\/\/api.w.org\/{rel}","templated":true}]}}