{"id":35873,"date":"2018-07-04T10:19:36","date_gmt":"2018-07-04T13:19:36","guid":{"rendered":"https:\/\/eldiariodesanpedro.com.ar\/sitio\/?p=35873"},"modified":"2018-07-04T10:19:36","modified_gmt":"2018-07-04T13:19:36","slug":"un-camion-despisto-en-la-ruta-nacional-9","status":"publish","type":"post","link":"https:\/\/eldiariodesanpedro.com.ar\/sitio\/un-camion-despisto-en-la-ruta-nacional-9\/","title":{"rendered":"Un cami\u00f3n despisto en la ruta nacional 9"},"content":{"rendered":"<p><!-- VideographyWP Plugin Message: Automatic video embedding prevented by plugin options. --><br \/>\nUn vuelco de un cami\u00f3n de la empresa Sampedrina Tap ocurri\u00f3 en la tarde del martes en la ruta nacional 9 a la altura de la entrada de la localidad de Gobernador Castro.<\/p>\n<p>El siniestro ocurri\u00f3 alrededor de las 14:00 hs en Ruta Nacional 9 Km 180, en proximidades del ingreso a Gobernador Castro, en esta ocasion un camion marca Mercedez Benz con semirremolque cargado con bobinas de acero perdi\u00f3 el control cuando el conductor sufri\u00f3 una descompensaci\u00f3n y terminando en el cantero central de la autov\u00eda.<\/p>\n<p>En el lugar se hizo presente la ambulancia de la empresa CEM para trasladar hasta el nosocomio local al chofer de 55 a\u00f1os oriundo de la localidad de Villa Lugano donde luego de revisiones se determin\u00f3 que sufri\u00f3 heridas leves.<\/p>\n","protected":false},"excerpt":{"rendered":"<p>Un vuelco de un cami\u00f3n de la empresa Sampedrina Tap ocurri\u00f3 en la tarde del martes en la ruta nacional 9 a la altura de la entrada de la localidad de Gobernador Castro. El siniestro ocurri\u00f3 alrededor de las 14:00 hs en Ruta Nacional 9 Km 180, en proximidades del ingreso a Gobernador Castro, en [&hellip;]<\/p>\n","protected":false},"author":4,"featured_media":11675,"comment_status":"open","ping_status":"closed","sticky":false,"template":"","format":"standard","meta":{"om_disable_all_campaigns":false,"_jetpack_memberships_contains_paid_content":false,"footnotes":""},"categories":[2,103],"tags":[],"class_list":["post-35873","post","type-post","status-publish","format-standard","has-post-thumbnail","hentry","category-locales","category-policiales-locales"],"aioseo_notices":[],"gutentor_comment":0,"jetpack_featured_media_url":"https:\/\/eldiariodesanpedro.com.ar\/sitio\/wp-content\/uploads\/2016\/12\/accidente-ruta-9.jpg","jetpack_shortlink":"https:\/\/wp.me\/p6RhLt-9kB","jetpack_sharing_enabled":true,"_links":{"self":[{"href":"https:\/\/eldiariodesanpedro.com.ar\/sitio\/wp-json\/wp\/v2\/posts\/35873","targetHints":{"allow":["GET"]}}],"collection":[{"href":"https:\/\/eldiariodesanpedro.com.ar\/sitio\/wp-json\/wp\/v2\/posts"}],"about":[{"href":"https:\/\/eldiariodesanpedro.com.ar\/sitio\/wp-json\/wp\/v2\/types\/post"}],"author":[{"embeddable":true,"href":"https:\/\/eldiariodesanpedro.com.ar\/sitio\/wp-json\/wp\/v2\/users\/4"}],"replies":[{"embeddable":true,"href":"https:\/\/eldiariodesanpedro.com.ar\/sitio\/wp-json\/wp\/v2\/comments?post=35873"}],"version-history":[{"count":1,"href":"https:\/\/eldiariodesanpedro.com.ar\/sitio\/wp-json\/wp\/v2\/posts\/35873\/revisions"}],"predecessor-version":[{"id":35874,"href":"https:\/\/eldiariodesanpedro.com.ar\/sitio\/wp-json\/wp\/v2\/posts\/35873\/revisions\/35874"}],"wp:featuredmedia":[{"embeddable":true,"href":"https:\/\/eldiariodesanpedro.com.ar\/sitio\/wp-json\/wp\/v2\/media\/11675"}],"wp:attachment":[{"href":"https:\/\/eldiariodesanpedro.com.ar\/sitio\/wp-json\/wp\/v2\/media?parent=35873"}],"wp:term":[{"taxonomy":"category","embeddable":true,"href":"https:\/\/eldiariodesanpedro.com.ar\/sitio\/wp-json\/wp\/v2\/categories?post=35873"},{"taxonomy":"post_tag","embeddable":true,"href":"https:\/\/eldiariodesanpedro.com.ar\/sitio\/wp-json\/wp\/v2\/tags?post=35873"}],"curies":[{"name":"wp","href":"https:\/\/api.w.org\/{rel}","templated":true}]}}