{"id":35870,"date":"2018-07-04T09:25:19","date_gmt":"2018-07-04T12:25:19","guid":{"rendered":"https:\/\/eldiariodesanpedro.com.ar\/sitio\/?p=35870"},"modified":"2018-07-04T11:13:35","modified_gmt":"2018-07-04T14:13:35","slug":"delincuentes-se-llevaron-electrodomesticos-de-una-vivienda","status":"publish","type":"post","link":"https:\/\/eldiariodesanpedro.com.ar\/sitio\/delincuentes-se-llevaron-electrodomesticos-de-una-vivienda\/","title":{"rendered":"Delincuentes se llevaron electrodom\u00e9sticos de una vivienda"},"content":{"rendered":"<p><!-- VideographyWP Plugin Message: Automatic video embedding prevented by plugin options. --><br \/>\nEl il\u00edcito ocurri\u00f3 en una vivienda ubicada en calle Brenan al 1000. Delincuentes ingresaron y se llevaron electrodom\u00e9sticos.<\/p>\n<p>  La propietaria de una vivienda ubicada sobre calle Brenan al 1000, constat\u00f3 al llegar a su domicilio que delincuentes hab\u00edan ingresado a su hogar sin ejercer violencia y, se hab\u00edan llevado electrodom\u00e9sticos de todo tipo.<\/p>\n<p>  La mujer radic\u00f3 la denuncia en la Dependencia Local y tom\u00f3 intervenci\u00f3n la Fiscal\u00eda N\u00ba11, a cargo de la Dra. Viviana Ramos.<\/p>\n","protected":false},"excerpt":{"rendered":"<p>El il\u00edcito ocurri\u00f3 en una vivienda ubicada en calle Brenan al 1000. Delincuentes ingresaron y se llevaron electrodom\u00e9sticos. La propietaria de una vivienda ubicada sobre calle Brenan al 1000, constat\u00f3 al llegar a su domicilio que delincuentes hab\u00edan ingresado a su hogar sin ejercer violencia y, se hab\u00edan llevado electrodom\u00e9sticos de todo tipo. La mujer [&hellip;]<\/p>\n","protected":false},"author":4,"featured_media":30331,"comment_status":"open","ping_status":"closed","sticky":false,"template":"","format":"standard","meta":{"om_disable_all_campaigns":false,"_jetpack_memberships_contains_paid_content":false,"footnotes":""},"categories":[2,103],"tags":[],"class_list":["post-35870","post","type-post","status-publish","format-standard","has-post-thumbnail","hentry","category-locales","category-policiales-locales"],"aioseo_notices":[],"gutentor_comment":0,"jetpack_featured_media_url":"https:\/\/eldiariodesanpedro.com.ar\/sitio\/wp-content\/uploads\/2018\/03\/elnorte5aa742cd2db4e_6-policia-3c.jpg","jetpack_shortlink":"https:\/\/wp.me\/p6RhLt-9ky","jetpack_sharing_enabled":true,"_links":{"self":[{"href":"https:\/\/eldiariodesanpedro.com.ar\/sitio\/wp-json\/wp\/v2\/posts\/35870","targetHints":{"allow":["GET"]}}],"collection":[{"href":"https:\/\/eldiariodesanpedro.com.ar\/sitio\/wp-json\/wp\/v2\/posts"}],"about":[{"href":"https:\/\/eldiariodesanpedro.com.ar\/sitio\/wp-json\/wp\/v2\/types\/post"}],"author":[{"embeddable":true,"href":"https:\/\/eldiariodesanpedro.com.ar\/sitio\/wp-json\/wp\/v2\/users\/4"}],"replies":[{"embeddable":true,"href":"https:\/\/eldiariodesanpedro.com.ar\/sitio\/wp-json\/wp\/v2\/comments?post=35870"}],"version-history":[{"count":2,"href":"https:\/\/eldiariodesanpedro.com.ar\/sitio\/wp-json\/wp\/v2\/posts\/35870\/revisions"}],"predecessor-version":[{"id":35896,"href":"https:\/\/eldiariodesanpedro.com.ar\/sitio\/wp-json\/wp\/v2\/posts\/35870\/revisions\/35896"}],"wp:featuredmedia":[{"embeddable":true,"href":"https:\/\/eldiariodesanpedro.com.ar\/sitio\/wp-json\/wp\/v2\/media\/30331"}],"wp:attachment":[{"href":"https:\/\/eldiariodesanpedro.com.ar\/sitio\/wp-json\/wp\/v2\/media?parent=35870"}],"wp:term":[{"taxonomy":"category","embeddable":true,"href":"https:\/\/eldiariodesanpedro.com.ar\/sitio\/wp-json\/wp\/v2\/categories?post=35870"},{"taxonomy":"post_tag","embeddable":true,"href":"https:\/\/eldiariodesanpedro.com.ar\/sitio\/wp-json\/wp\/v2\/tags?post=35870"}],"curies":[{"name":"wp","href":"https:\/\/api.w.org\/{rel}","templated":true}]}}