{"id":35864,"date":"2018-07-04T08:57:23","date_gmt":"2018-07-04T11:57:23","guid":{"rendered":"https:\/\/eldiariodesanpedro.com.ar\/sitio\/?p=35864"},"modified":"2018-07-04T11:04:59","modified_gmt":"2018-07-04T14:04:59","slug":"hallaron-un-automovil-que-fue-robado-en-la-ciudad-de-baradero","status":"publish","type":"post","link":"https:\/\/eldiariodesanpedro.com.ar\/sitio\/hallaron-un-automovil-que-fue-robado-en-la-ciudad-de-baradero\/","title":{"rendered":"Hallaron un autom\u00f3vil que fue robado en Baradero"},"content":{"rendered":"<p><!-- VideographyWP Plugin Message: Automatic video embedding prevented by plugin options. --><br \/>\n  Un autom\u00f3vil Toyota Corolla fue hallado este martes en las inmediaciones del Complejo Deportivo del Club Paran\u00e1, sito en calle Mois\u00e9s Novillo 565, por efectivos de la Polic\u00eda.<\/p>\n<p>  El veh\u00edculo hab\u00eda sido robado en Baradero a fines del mes pasado, su propietario, un hombre de 61 a\u00f1os, sufri\u00f3 un asalto a mano armada, llev\u00e1ndose los delincuentes su auto.<\/p>\n<p>  El rodado estaba estacionado desde hac\u00eda varias horas frente a la entidad deportiva y, un llamado al servicio de emergencias 911 fue el que alert\u00f3 a la Polic\u00eda de la situaci\u00f3n. Los efectivos procedieron al secuestro y traslado del veh\u00edculo a la Comisar\u00eda, dando intervenci\u00f3n a la Fiscal\u00eda N\u00b0 8 de Baradero.<\/p>\n<p>  Finalmente, el rodado fue entregado a su propietario.<\/p>\n","protected":false},"excerpt":{"rendered":"<p>Un autom\u00f3vil Toyota Corolla fue hallado este martes en las inmediaciones del Complejo Deportivo del Club Paran\u00e1, sito en calle Mois\u00e9s Novillo 565, por efectivos de la Polic\u00eda. El veh\u00edculo hab\u00eda sido robado en Baradero a fines del mes pasado, su propietario, un hombre de 61 a\u00f1os, sufri\u00f3 un asalto a mano armada, llev\u00e1ndose los [&hellip;]<\/p>\n","protected":false},"author":4,"featured_media":35865,"comment_status":"open","ping_status":"closed","sticky":false,"template":"","format":"standard","meta":{"om_disable_all_campaigns":false,"_jetpack_memberships_contains_paid_content":false,"footnotes":""},"categories":[2,103],"tags":[],"class_list":["post-35864","post","type-post","status-publish","format-standard","has-post-thumbnail","hentry","category-locales","category-policiales-locales"],"aioseo_notices":[],"gutentor_comment":0,"jetpack_featured_media_url":"https:\/\/eldiariodesanpedro.com.ar\/sitio\/wp-content\/uploads\/2018\/07\/auto-robado-baradero.jpeg","jetpack_shortlink":"https:\/\/wp.me\/p6RhLt-9ks","jetpack_sharing_enabled":true,"_links":{"self":[{"href":"https:\/\/eldiariodesanpedro.com.ar\/sitio\/wp-json\/wp\/v2\/posts\/35864","targetHints":{"allow":["GET"]}}],"collection":[{"href":"https:\/\/eldiariodesanpedro.com.ar\/sitio\/wp-json\/wp\/v2\/posts"}],"about":[{"href":"https:\/\/eldiariodesanpedro.com.ar\/sitio\/wp-json\/wp\/v2\/types\/post"}],"author":[{"embeddable":true,"href":"https:\/\/eldiariodesanpedro.com.ar\/sitio\/wp-json\/wp\/v2\/users\/4"}],"replies":[{"embeddable":true,"href":"https:\/\/eldiariodesanpedro.com.ar\/sitio\/wp-json\/wp\/v2\/comments?post=35864"}],"version-history":[{"count":3,"href":"https:\/\/eldiariodesanpedro.com.ar\/sitio\/wp-json\/wp\/v2\/posts\/35864\/revisions"}],"predecessor-version":[{"id":35893,"href":"https:\/\/eldiariodesanpedro.com.ar\/sitio\/wp-json\/wp\/v2\/posts\/35864\/revisions\/35893"}],"wp:featuredmedia":[{"embeddable":true,"href":"https:\/\/eldiariodesanpedro.com.ar\/sitio\/wp-json\/wp\/v2\/media\/35865"}],"wp:attachment":[{"href":"https:\/\/eldiariodesanpedro.com.ar\/sitio\/wp-json\/wp\/v2\/media?parent=35864"}],"wp:term":[{"taxonomy":"category","embeddable":true,"href":"https:\/\/eldiariodesanpedro.com.ar\/sitio\/wp-json\/wp\/v2\/categories?post=35864"},{"taxonomy":"post_tag","embeddable":true,"href":"https:\/\/eldiariodesanpedro.com.ar\/sitio\/wp-json\/wp\/v2\/tags?post=35864"}],"curies":[{"name":"wp","href":"https:\/\/api.w.org\/{rel}","templated":true}]}}