{"id":3586,"date":"2016-04-22T22:13:27","date_gmt":"2016-04-23T01:13:27","guid":{"rendered":"https:\/\/eldiariodesanpedro.com.ar\/sitio\/?p=3586"},"modified":"2016-04-22T22:13:27","modified_gmt":"2016-04-23T01:13:27","slug":"arreglaron-provisoriamente-el-acceso-a-vuelta-de-obligado","status":"publish","type":"post","link":"https:\/\/eldiariodesanpedro.com.ar\/sitio\/arreglaron-provisoriamente-el-acceso-a-vuelta-de-obligado\/","title":{"rendered":"Arreglaron provisoriamente el acceso a Vuelta de Obligado"},"content":{"rendered":"<p><!-- VideographyWP Plugin Message: Automatic video embedding prevented by plugin options. --><br \/>\nEn la tarde de ayer, tal cual hab\u00eda sido prometido, arrib\u00f3 al paraje la empresa que realizar\u00e1 las obras. En primera instancia, se llev\u00f3 a cabo un trabajo provisorio, de una mano, para que los habitantes del lugar recuperen la transitabilidad.<br \/>\nSe retir\u00f3 la pasarela que hab\u00eda sido puesta para que pudieran pasar al menos caminando o en alg\u00fan rodado menor, y las m\u00e1quinas pudieron colocar tierra y tosca para recuperar en parte la continuidad del camino.<br \/>\nLo cierto es que la obra definitiva comenzar\u00e1 pr\u00f3ximamente y dar\u00e1 fin a la conflictiva situaci\u00f3n que tuvo a maltraer a los vecinos.<\/p>\n","protected":false},"excerpt":{"rendered":"<p>En la tarde de ayer, tal cual hab\u00eda sido prometido, arrib\u00f3 al paraje la empresa que realizar\u00e1 las obras. En primera instancia, se llev\u00f3 a cabo un trabajo provisorio, de una mano, para que los habitantes del lugar recuperen la transitabilidad. Se retir\u00f3 la pasarela que hab\u00eda sido puesta para que pudieran pasar al menos [&hellip;]<\/p>\n","protected":false},"author":4,"featured_media":3587,"comment_status":"open","ping_status":"closed","sticky":false,"template":"","format":"standard","meta":{"om_disable_all_campaigns":false,"_jetpack_memberships_contains_paid_content":false,"footnotes":""},"categories":[101,2],"tags":[],"class_list":["post-3586","post","type-post","status-publish","format-standard","has-post-thumbnail","hentry","category-interes-general-locales","category-locales"],"aioseo_notices":[],"gutentor_comment":0,"jetpack_featured_media_url":"https:\/\/eldiariodesanpedro.com.ar\/sitio\/wp-content\/uploads\/2016\/04\/5ebdb422-0143-4482-8643-b42d8a0830cb-1.jpg","jetpack_shortlink":"https:\/\/wp.me\/p6RhLt-VQ","jetpack_sharing_enabled":true,"_links":{"self":[{"href":"https:\/\/eldiariodesanpedro.com.ar\/sitio\/wp-json\/wp\/v2\/posts\/3586","targetHints":{"allow":["GET"]}}],"collection":[{"href":"https:\/\/eldiariodesanpedro.com.ar\/sitio\/wp-json\/wp\/v2\/posts"}],"about":[{"href":"https:\/\/eldiariodesanpedro.com.ar\/sitio\/wp-json\/wp\/v2\/types\/post"}],"author":[{"embeddable":true,"href":"https:\/\/eldiariodesanpedro.com.ar\/sitio\/wp-json\/wp\/v2\/users\/4"}],"replies":[{"embeddable":true,"href":"https:\/\/eldiariodesanpedro.com.ar\/sitio\/wp-json\/wp\/v2\/comments?post=3586"}],"version-history":[{"count":1,"href":"https:\/\/eldiariodesanpedro.com.ar\/sitio\/wp-json\/wp\/v2\/posts\/3586\/revisions"}],"predecessor-version":[{"id":3588,"href":"https:\/\/eldiariodesanpedro.com.ar\/sitio\/wp-json\/wp\/v2\/posts\/3586\/revisions\/3588"}],"wp:featuredmedia":[{"embeddable":true,"href":"https:\/\/eldiariodesanpedro.com.ar\/sitio\/wp-json\/wp\/v2\/media\/3587"}],"wp:attachment":[{"href":"https:\/\/eldiariodesanpedro.com.ar\/sitio\/wp-json\/wp\/v2\/media?parent=3586"}],"wp:term":[{"taxonomy":"category","embeddable":true,"href":"https:\/\/eldiariodesanpedro.com.ar\/sitio\/wp-json\/wp\/v2\/categories?post=3586"},{"taxonomy":"post_tag","embeddable":true,"href":"https:\/\/eldiariodesanpedro.com.ar\/sitio\/wp-json\/wp\/v2\/tags?post=3586"}],"curies":[{"name":"wp","href":"https:\/\/api.w.org\/{rel}","templated":true}]}}