{"id":35854,"date":"2018-07-03T20:24:20","date_gmt":"2018-07-03T23:24:20","guid":{"rendered":"https:\/\/eldiariodesanpedro.com.ar\/sitio\/?p=35854"},"modified":"2026-01-24T00:13:20","modified_gmt":"2026-01-24T03:13:20","slug":"hubo-ciclismo-promocional-en-el-panoramico","status":"publish","type":"post","link":"https:\/\/eldiariodesanpedro.com.ar\/sitio\/hubo-ciclismo-promocional-en-el-panoramico\/","title":{"rendered":"Hubo ciclismo promocional en el Panor\u00e1mico"},"content":{"rendered":"<p><!-- VideographyWP Plugin Message: Automatic video embedding prevented by plugin options. --><br \/>\n  Suspendida la programaci\u00f3n del s\u00e1bado en el Panor\u00e1mico del Oeste por el Partido de Argentina, Francia en octavos de finales y al quedar nuestra selecci\u00f3n fuera del mundial, los muchachos ciclistas, se juntaron en el Circuito e invitaron por redes sociales, a los m\u00e1s allegados, a realizar pruebas de entrenamiento.<\/p>\n<p><em>PE\u00d1A CICLISTAS SAMPEDRINOS<\/em><br \/>\n1\u00ba Fabi\u00e1n Boaglio<br \/>\n2\u00ba Daniel Barraza<br \/>\n3\u00ba Daniel Chipolini<br \/>\n4\u00ba Juan Esteban Olivo<br \/>\n5\u00ba Mauricio Ariel Baca<br \/>\nM\u00c1STER \u201cD\u201d y DAMAS<br \/>\n1\u00aa Virginia Folis (San Pedro)<br \/>\n2\u00aa Marcela Morales (Luj\u00e1n)<br \/>\n3\u00ba Ram\u00f3n Mondinali (San Pedro)<\/p>\n<p><em>M\u00c1STER \u201cC\u201d<\/em><br \/>\n1\u00ba Fredy Lemos (Luj\u00e1n)<br \/>\n2\u00ba Pedro Marcelini (Col\u00f3n)<br \/>\n3\u00ba Fernando \u201cPalomo\u201d Corval\u00e1n (San Pedro)<br \/>\n4\u00ba \u00c1ngel Mach\u00eda (Capit\u00e1n Sarmiento)<br \/>\n5\u00ba Daniel Boaglio (San Pedro)<\/p>\n<p><em>PRUEBA DE FONDO<\/em><br \/>\n1\u00ba Mariano Manzo (San Pedro)<br \/>\n2\u00ba Adri\u00e1n Mendoza (San Pedro)<br \/>\n3\u00ba Leandro Rearte (Col\u00f3n)<br \/>\n4\u00ba Juan Odvia (Col\u00f3n)<br \/>\n5\u00ba Cristian Monz\u00f3n (San Pedro)<br \/>\n6\u00ba Nicol\u00e1s Chipolini (San Pedro)<br \/>\n7\u00ba Armando Almua (Campana)<\/p>\n","protected":false},"excerpt":{"rendered":"<p>Suspendida la programaci\u00f3n del s\u00e1bado en el Panor\u00e1mico del Oeste por el Partido de Argentina, Francia en octavos de finales y al quedar nuestra selecci\u00f3n fuera del mundial, los muchachos ciclistas, se juntaron en el Circuito e invitaron por redes sociales, a los m\u00e1s allegados, a realizar pruebas de entrenamiento. PE\u00d1A CICLISTAS SAMPEDRINOS 1\u00ba Fabi\u00e1n [&hellip;]<\/p>\n","protected":false},"author":4,"featured_media":35856,"comment_status":"open","ping_status":"closed","sticky":false,"template":"","format":"standard","meta":{"om_disable_all_campaigns":false,"_jetpack_memberships_contains_paid_content":false,"footnotes":""},"categories":[5],"tags":[],"class_list":["post-35854","post","type-post","status-publish","format-standard","has-post-thumbnail","hentry","category-deportes"],"aioseo_notices":[],"gutentor_comment":0,"jetpack_featured_media_url":"https:\/\/eldiariodesanpedro.com.ar\/sitio\/wp-content\/uploads\/2018\/07\/info-04-07-2018-ciclismo.jpg","jetpack_shortlink":"https:\/\/wp.me\/p6RhLt-9ki","jetpack_sharing_enabled":true,"_links":{"self":[{"href":"https:\/\/eldiariodesanpedro.com.ar\/sitio\/wp-json\/wp\/v2\/posts\/35854","targetHints":{"allow":["GET"]}}],"collection":[{"href":"https:\/\/eldiariodesanpedro.com.ar\/sitio\/wp-json\/wp\/v2\/posts"}],"about":[{"href":"https:\/\/eldiariodesanpedro.com.ar\/sitio\/wp-json\/wp\/v2\/types\/post"}],"author":[{"embeddable":true,"href":"https:\/\/eldiariodesanpedro.com.ar\/sitio\/wp-json\/wp\/v2\/users\/4"}],"replies":[{"embeddable":true,"href":"https:\/\/eldiariodesanpedro.com.ar\/sitio\/wp-json\/wp\/v2\/comments?post=35854"}],"version-history":[{"count":1,"href":"https:\/\/eldiariodesanpedro.com.ar\/sitio\/wp-json\/wp\/v2\/posts\/35854\/revisions"}],"predecessor-version":[{"id":35858,"href":"https:\/\/eldiariodesanpedro.com.ar\/sitio\/wp-json\/wp\/v2\/posts\/35854\/revisions\/35858"}],"wp:featuredmedia":[{"embeddable":true,"href":"https:\/\/eldiariodesanpedro.com.ar\/sitio\/wp-json\/wp\/v2\/media\/35856"}],"wp:attachment":[{"href":"https:\/\/eldiariodesanpedro.com.ar\/sitio\/wp-json\/wp\/v2\/media?parent=35854"}],"wp:term":[{"taxonomy":"category","embeddable":true,"href":"https:\/\/eldiariodesanpedro.com.ar\/sitio\/wp-json\/wp\/v2\/categories?post=35854"},{"taxonomy":"post_tag","embeddable":true,"href":"https:\/\/eldiariodesanpedro.com.ar\/sitio\/wp-json\/wp\/v2\/tags?post=35854"}],"curies":[{"name":"wp","href":"https:\/\/api.w.org\/{rel}","templated":true}]}}