{"id":35851,"date":"2018-07-03T20:22:32","date_gmt":"2018-07-03T23:22:32","guid":{"rendered":"https:\/\/eldiariodesanpedro.com.ar\/sitio\/?p=35851"},"modified":"2026-01-24T00:13:20","modified_gmt":"2026-01-24T03:13:20","slug":"futbol-infantil-entre-sabado-y-domingo-se-completo-la-16o-fecha","status":"publish","type":"post","link":"https:\/\/eldiariodesanpedro.com.ar\/sitio\/futbol-infantil-entre-sabado-y-domingo-se-completo-la-16o-fecha\/","title":{"rendered":"F\u00daTBOL INFANTIL: Entre s\u00e1bado y domingo se complet\u00f3 la 16\u00ba fecha"},"content":{"rendered":"<p><!-- VideographyWP Plugin Message: Automatic video embedding prevented by plugin options. --><br \/>\nLa Liga Infantil de F\u00fatbol de San Pedro jug\u00f3 la fecha 16 del Torneo Apertura entre s\u00e1bado y domingo, por el partido de la Selecci\u00f3n Nacional en el Mundial de Rusia. Resultados los siguientes:<\/p>\n<p><img decoding=\"async\" data-attachment-id=\"35853\" data-permalink=\"https:\/\/eldiariodesanpedro.com.ar\/sitio\/futbol-infantil-entre-sabado-y-domingo-se-completo-la-16o-fecha\/info-04-07-2018-futbol-infantil-resultados\/\" data-orig-file=\"https:\/\/eldiariodesanpedro.com.ar\/sitio\/wp-content\/uploads\/2018\/07\/info-04-07-2018-futbol-infantil-resultados.jpg\" data-orig-size=\"552,321\" data-comments-opened=\"1\" data-image-meta=\"{&quot;aperture&quot;:&quot;0&quot;,&quot;credit&quot;:&quot;&quot;,&quot;camera&quot;:&quot;&quot;,&quot;caption&quot;:&quot;&quot;,&quot;created_timestamp&quot;:&quot;0&quot;,&quot;copyright&quot;:&quot;&quot;,&quot;focal_length&quot;:&quot;0&quot;,&quot;iso&quot;:&quot;0&quot;,&quot;shutter_speed&quot;:&quot;0&quot;,&quot;title&quot;:&quot;&quot;,&quot;orientation&quot;:&quot;0&quot;}\" data-image-title=\"info 04-07-2018 futbol infantil resultados\" data-image-description=\"\" data-image-caption=\"\" data-large-file=\"https:\/\/eldiariodesanpedro.com.ar\/sitio\/wp-content\/uploads\/2018\/07\/info-04-07-2018-futbol-infantil-resultados.jpg\" data-src=\"https:\/\/eldiariodesanpedro.com.ar\/sitio\/wp-content\/uploads\/2018\/07\/info-04-07-2018-futbol-infantil-resultados.jpg\" alt=\"\" width=\"552\" height=\"321\" class=\"alignnone size-full wp-image-35853 lazyload\" data-srcset=\"https:\/\/eldiariodesanpedro.com.ar\/sitio\/wp-content\/uploads\/2018\/07\/info-04-07-2018-futbol-infantil-resultados.jpg 552w, https:\/\/eldiariodesanpedro.com.ar\/sitio\/wp-content\/uploads\/2018\/07\/info-04-07-2018-futbol-infantil-resultados-300x174.jpg 300w\" data-sizes=\"(max-width: 552px) 100vw, 552px\" src=\"data:image\/svg+xml;base64,PHN2ZyB3aWR0aD0iMSIgaGVpZ2h0PSIxIiB4bWxucz0iaHR0cDovL3d3dy53My5vcmcvMjAwMC9zdmciPjwvc3ZnPg==\" style=\"--smush-placeholder-width: 552px; --smush-placeholder-aspect-ratio: 552\/321;\" \/><\/p>\n","protected":false},"excerpt":{"rendered":"<p>La Liga Infantil de F\u00fatbol de San Pedro jug\u00f3 la fecha 16 del Torneo Apertura entre s\u00e1bado y domingo, por el partido de la Selecci\u00f3n Nacional en el Mundial de Rusia. Resultados los siguientes:<\/p>\n","protected":false},"author":4,"featured_media":6140,"comment_status":"open","ping_status":"closed","sticky":false,"template":"","format":"standard","meta":{"om_disable_all_campaigns":false,"_jetpack_memberships_contains_paid_content":false,"footnotes":""},"categories":[5],"tags":[],"class_list":["post-35851","post","type-post","status-publish","format-standard","has-post-thumbnail","hentry","category-deportes"],"aioseo_notices":[],"gutentor_comment":0,"jetpack_featured_media_url":"https:\/\/eldiariodesanpedro.com.ar\/sitio\/wp-content\/uploads\/2016\/07\/FOTO-2-19-07-16.jpg","jetpack_shortlink":"https:\/\/wp.me\/p6RhLt-9kf","jetpack_sharing_enabled":true,"_links":{"self":[{"href":"https:\/\/eldiariodesanpedro.com.ar\/sitio\/wp-json\/wp\/v2\/posts\/35851","targetHints":{"allow":["GET"]}}],"collection":[{"href":"https:\/\/eldiariodesanpedro.com.ar\/sitio\/wp-json\/wp\/v2\/posts"}],"about":[{"href":"https:\/\/eldiariodesanpedro.com.ar\/sitio\/wp-json\/wp\/v2\/types\/post"}],"author":[{"embeddable":true,"href":"https:\/\/eldiariodesanpedro.com.ar\/sitio\/wp-json\/wp\/v2\/users\/4"}],"replies":[{"embeddable":true,"href":"https:\/\/eldiariodesanpedro.com.ar\/sitio\/wp-json\/wp\/v2\/comments?post=35851"}],"version-history":[{"count":1,"href":"https:\/\/eldiariodesanpedro.com.ar\/sitio\/wp-json\/wp\/v2\/posts\/35851\/revisions"}],"predecessor-version":[{"id":35855,"href":"https:\/\/eldiariodesanpedro.com.ar\/sitio\/wp-json\/wp\/v2\/posts\/35851\/revisions\/35855"}],"wp:featuredmedia":[{"embeddable":true,"href":"https:\/\/eldiariodesanpedro.com.ar\/sitio\/wp-json\/wp\/v2\/media\/6140"}],"wp:attachment":[{"href":"https:\/\/eldiariodesanpedro.com.ar\/sitio\/wp-json\/wp\/v2\/media?parent=35851"}],"wp:term":[{"taxonomy":"category","embeddable":true,"href":"https:\/\/eldiariodesanpedro.com.ar\/sitio\/wp-json\/wp\/v2\/categories?post=35851"},{"taxonomy":"post_tag","embeddable":true,"href":"https:\/\/eldiariodesanpedro.com.ar\/sitio\/wp-json\/wp\/v2\/tags?post=35851"}],"curies":[{"name":"wp","href":"https:\/\/api.w.org\/{rel}","templated":true}]}}