{"id":35847,"date":"2018-07-03T20:15:53","date_gmt":"2018-07-03T23:15:53","guid":{"rendered":"https:\/\/eldiariodesanpedro.com.ar\/sitio\/?p=35847"},"modified":"2018-07-03T20:15:53","modified_gmt":"2018-07-03T23:15:53","slug":"escobar-tragico-accidente-en-savio-camion-atropello-y-mato-a-un-vendedor-ambulante","status":"publish","type":"post","link":"https:\/\/eldiariodesanpedro.com.ar\/sitio\/escobar-tragico-accidente-en-savio-camion-atropello-y-mato-a-un-vendedor-ambulante\/","title":{"rendered":"ESCOBAR, Tr\u00e1gico accidente en Savio: Cami\u00f3n atropell\u00f3 y mat\u00f3 a un vendedor ambulante"},"content":{"rendered":"<p><!-- VideographyWP Plugin Message: Automatic video embedding prevented by plugin options. --><br \/>\nTen\u00eda 79 a\u00f1os, viv\u00eda en el barrio Los Pinos y desde hace mucho tiempo vend\u00eda tutuca en la calle. Fue atropellado por un cami\u00f3n atmosf\u00e9rico en la ruta 26. El chofer fue imputado por \u201cHomicidio culposo\u201d.<\/p>\n<p>  Un hombre de 79 a\u00f1os perdi\u00f3 la vida este s\u00e1bado a la ma\u00f1ana tras ser atropellado por un cami\u00f3n atmosf\u00e9rico sobre la ruta 26, a la altura de Maquinista Savio.<\/p>\n<p>  La v\u00edctima fue identificada como Esteban Mora Caytano, de nacionalidad peruana y con domicilio en el barrio Los Pinos de esa localidad, quien falleci\u00f3 al instante tras ser embestido en la intersecci\u00f3n de la arteria provincial con la calle Juan XXIII por un cami\u00f3n Mercedes Benz, perteneciente a la empresa de desagotes \u201cMi Pa\u00eds\u201d.<\/p>\n<p>  La muerte del hombre gener\u00f3 una gran conmoci\u00f3n en la comunidad saviense, ya que desde hace varios a\u00f1os vend\u00eda tutuca en la calle y por eso era una persona muy conocida por los vecinos.<\/p>\n<p>  En cuanto al conductor del cami\u00f3n atmosf\u00e9rico que le provoc\u00f3 la muerte, se trata de Nelson Fernando Palavecino, de 33 a\u00f1os y oriundo de la localidad bonaerense de Merlo, seg\u00fan informaron desde la Jefatura Distrital de Polic\u00eda a El D\u00eda de Escobar.<\/p>\n<p>  Como suele ocurrir en este tipo de accidentes, el camionero estuvo demorado algunas horas en la comisar\u00eda local y fue imputado por \u201chomicidio culposo\u201d. Intervino en el caso la Ayudant\u00eda Fiscal de Maquinista Savio.<\/p>\n<p>Fuente: El Diario de Escobar<\/p>\n","protected":false},"excerpt":{"rendered":"<p>Ten\u00eda 79 a\u00f1os, viv\u00eda en el barrio Los Pinos y desde hace mucho tiempo vend\u00eda tutuca en la calle. Fue atropellado por un cami\u00f3n atmosf\u00e9rico en la ruta 26. El chofer fue imputado por \u201cHomicidio culposo\u201d. Un hombre de 79 a\u00f1os perdi\u00f3 la vida este s\u00e1bado a la ma\u00f1ana tras ser atropellado por un cami\u00f3n [&hellip;]<\/p>\n","protected":false},"author":4,"featured_media":35848,"comment_status":"open","ping_status":"closed","sticky":false,"template":"","format":"standard","meta":{"om_disable_all_campaigns":false,"_jetpack_memberships_contains_paid_content":false,"footnotes":""},"categories":[621],"tags":[],"class_list":["post-35847","post","type-post","status-publish","format-standard","has-post-thumbnail","hentry","category-regionales"],"aioseo_notices":[],"gutentor_comment":0,"jetpack_featured_media_url":"https:\/\/eldiariodesanpedro.com.ar\/sitio\/wp-content\/uploads\/2018\/07\/Atropellado-por-un-cami\u00f3n-atmosferico-falleci\u00f3.jpg","jetpack_shortlink":"https:\/\/wp.me\/p6RhLt-9kb","jetpack_sharing_enabled":true,"_links":{"self":[{"href":"https:\/\/eldiariodesanpedro.com.ar\/sitio\/wp-json\/wp\/v2\/posts\/35847","targetHints":{"allow":["GET"]}}],"collection":[{"href":"https:\/\/eldiariodesanpedro.com.ar\/sitio\/wp-json\/wp\/v2\/posts"}],"about":[{"href":"https:\/\/eldiariodesanpedro.com.ar\/sitio\/wp-json\/wp\/v2\/types\/post"}],"author":[{"embeddable":true,"href":"https:\/\/eldiariodesanpedro.com.ar\/sitio\/wp-json\/wp\/v2\/users\/4"}],"replies":[{"embeddable":true,"href":"https:\/\/eldiariodesanpedro.com.ar\/sitio\/wp-json\/wp\/v2\/comments?post=35847"}],"version-history":[{"count":1,"href":"https:\/\/eldiariodesanpedro.com.ar\/sitio\/wp-json\/wp\/v2\/posts\/35847\/revisions"}],"predecessor-version":[{"id":35849,"href":"https:\/\/eldiariodesanpedro.com.ar\/sitio\/wp-json\/wp\/v2\/posts\/35847\/revisions\/35849"}],"wp:featuredmedia":[{"embeddable":true,"href":"https:\/\/eldiariodesanpedro.com.ar\/sitio\/wp-json\/wp\/v2\/media\/35848"}],"wp:attachment":[{"href":"https:\/\/eldiariodesanpedro.com.ar\/sitio\/wp-json\/wp\/v2\/media?parent=35847"}],"wp:term":[{"taxonomy":"category","embeddable":true,"href":"https:\/\/eldiariodesanpedro.com.ar\/sitio\/wp-json\/wp\/v2\/categories?post=35847"},{"taxonomy":"post_tag","embeddable":true,"href":"https:\/\/eldiariodesanpedro.com.ar\/sitio\/wp-json\/wp\/v2\/tags?post=35847"}],"curies":[{"name":"wp","href":"https:\/\/api.w.org\/{rel}","templated":true}]}}