{"id":35843,"date":"2018-07-03T20:11:48","date_gmt":"2018-07-03T23:11:48","guid":{"rendered":"https:\/\/eldiariodesanpedro.com.ar\/sitio\/?p=35843"},"modified":"2018-07-03T20:11:48","modified_gmt":"2018-07-03T23:11:48","slug":"un-nuevo-buque-arribo-al-puerto-de-san-pedro-2","status":"publish","type":"post","link":"https:\/\/eldiariodesanpedro.com.ar\/sitio\/un-nuevo-buque-arribo-al-puerto-de-san-pedro-2\/","title":{"rendered":"Un nuevo buque arrib\u00f3 al Puerto de San Pedro"},"content":{"rendered":"<p><!-- VideographyWP Plugin Message: Automatic video embedding prevented by plugin options. --><br \/>\nDesde el Consorcio de Gesti\u00f3n del Puerto San Pedro se comunica el arribo en el d\u00eda de hoy, de un buque denominado \u201cCrown Garnet\u201d de bandera Bahamas.<\/p>\n<p>  El barco de 151.99 metros de eslora, procede de Cartagena (Espa\u00f1a) y operar\u00e1 en el muelle cabecera, en donde cargar\u00e1 6200 pallets de c\u00edtricos aproximadamente con destino a los Pa\u00edses Bajos.<\/p>\n","protected":false},"excerpt":{"rendered":"<p>Desde el Consorcio de Gesti\u00f3n del Puerto San Pedro se comunica el arribo en el d\u00eda de hoy, de un buque denominado \u201cCrown Garnet\u201d de bandera Bahamas. El barco de 151.99 metros de eslora, procede de Cartagena (Espa\u00f1a) y operar\u00e1 en el muelle cabecera, en donde cargar\u00e1 6200 pallets de c\u00edtricos aproximadamente con destino a [&hellip;]<\/p>\n","protected":false},"author":4,"featured_media":35845,"comment_status":"open","ping_status":"closed","sticky":false,"template":"","format":"standard","meta":{"om_disable_all_campaigns":false,"_jetpack_memberships_contains_paid_content":false,"footnotes":""},"categories":[101,2],"tags":[],"class_list":["post-35843","post","type-post","status-publish","format-standard","has-post-thumbnail","hentry","category-interes-general-locales","category-locales"],"aioseo_notices":[],"gutentor_comment":0,"jetpack_featured_media_url":"https:\/\/eldiariodesanpedro.com.ar\/sitio\/wp-content\/uploads\/2018\/07\/barco-CROWN_GARNET.jpg","jetpack_shortlink":"https:\/\/wp.me\/p6RhLt-9k7","jetpack_sharing_enabled":true,"_links":{"self":[{"href":"https:\/\/eldiariodesanpedro.com.ar\/sitio\/wp-json\/wp\/v2\/posts\/35843","targetHints":{"allow":["GET"]}}],"collection":[{"href":"https:\/\/eldiariodesanpedro.com.ar\/sitio\/wp-json\/wp\/v2\/posts"}],"about":[{"href":"https:\/\/eldiariodesanpedro.com.ar\/sitio\/wp-json\/wp\/v2\/types\/post"}],"author":[{"embeddable":true,"href":"https:\/\/eldiariodesanpedro.com.ar\/sitio\/wp-json\/wp\/v2\/users\/4"}],"replies":[{"embeddable":true,"href":"https:\/\/eldiariodesanpedro.com.ar\/sitio\/wp-json\/wp\/v2\/comments?post=35843"}],"version-history":[{"count":1,"href":"https:\/\/eldiariodesanpedro.com.ar\/sitio\/wp-json\/wp\/v2\/posts\/35843\/revisions"}],"predecessor-version":[{"id":35846,"href":"https:\/\/eldiariodesanpedro.com.ar\/sitio\/wp-json\/wp\/v2\/posts\/35843\/revisions\/35846"}],"wp:featuredmedia":[{"embeddable":true,"href":"https:\/\/eldiariodesanpedro.com.ar\/sitio\/wp-json\/wp\/v2\/media\/35845"}],"wp:attachment":[{"href":"https:\/\/eldiariodesanpedro.com.ar\/sitio\/wp-json\/wp\/v2\/media?parent=35843"}],"wp:term":[{"taxonomy":"category","embeddable":true,"href":"https:\/\/eldiariodesanpedro.com.ar\/sitio\/wp-json\/wp\/v2\/categories?post=35843"},{"taxonomy":"post_tag","embeddable":true,"href":"https:\/\/eldiariodesanpedro.com.ar\/sitio\/wp-json\/wp\/v2\/tags?post=35843"}],"curies":[{"name":"wp","href":"https:\/\/api.w.org\/{rel}","templated":true}]}}