{"id":35842,"date":"2018-07-03T20:09:56","date_gmt":"2018-07-03T23:09:56","guid":{"rendered":"https:\/\/eldiariodesanpedro.com.ar\/sitio\/?p=35842"},"modified":"2018-07-03T20:09:56","modified_gmt":"2018-07-03T23:09:56","slug":"corte-de-energia-programado-en-la-localidad-de-gobernador-castro","status":"publish","type":"post","link":"https:\/\/eldiariodesanpedro.com.ar\/sitio\/corte-de-energia-programado-en-la-localidad-de-gobernador-castro\/","title":{"rendered":"Corte de energ\u00eda programado en la localidad de Gobernador Castro"},"content":{"rendered":"<p><!-- VideographyWP Plugin Message: Automatic video embedding prevented by plugin options. --><br \/>\n  COOPSER informa que ma\u00f1ana mi\u00e9rcoles 4 de julio, se cumplir\u00e1 con un corte de energ\u00eda en el Acceso a Gobernador Castro por Ruta Nacional N\u00b09 que se extender\u00e1 desde las 8 hs. hasta las 12.30 hs. <\/p>\n<p>  Esta interrupci\u00f3n ser\u00e1 necesaria por las tareas de poda que realizar\u00e1 una cortina de casuarinas a cargo de un particular que contar\u00e1 con la colaboraci\u00f3n del equipo correspondiente de COOPSER para las tareas de limpieza y control general correspondiente.<\/p>\n<p>  En caso de mal tiempo ser\u00e1 reprogramado.<\/p>\n","protected":false},"excerpt":{"rendered":"<p>COOPSER informa que ma\u00f1ana mi\u00e9rcoles 4 de julio, se cumplir\u00e1 con un corte de energ\u00eda en el Acceso a Gobernador Castro por Ruta Nacional N\u00b09 que se extender\u00e1 desde las 8 hs. hasta las 12.30 hs. Esta interrupci\u00f3n ser\u00e1 necesaria por las tareas de poda que realizar\u00e1 una cortina de casuarinas a cargo de un [&hellip;]<\/p>\n","protected":false},"author":4,"featured_media":10988,"comment_status":"open","ping_status":"closed","sticky":false,"template":"","format":"standard","meta":{"om_disable_all_campaigns":false,"_jetpack_memberships_contains_paid_content":false,"footnotes":""},"categories":[101,2],"tags":[],"class_list":["post-35842","post","type-post","status-publish","format-standard","has-post-thumbnail","hentry","category-interes-general-locales","category-locales"],"aioseo_notices":[],"gutentor_comment":0,"jetpack_featured_media_url":"https:\/\/eldiariodesanpedro.com.ar\/sitio\/wp-content\/uploads\/2016\/12\/TAREAS-PROGRAMADAS-Y-REPARACIONES-NECESARIAS-COOPSER-e1484162614803.jpg","jetpack_shortlink":"https:\/\/wp.me\/p6RhLt-9k6","jetpack_sharing_enabled":true,"_links":{"self":[{"href":"https:\/\/eldiariodesanpedro.com.ar\/sitio\/wp-json\/wp\/v2\/posts\/35842","targetHints":{"allow":["GET"]}}],"collection":[{"href":"https:\/\/eldiariodesanpedro.com.ar\/sitio\/wp-json\/wp\/v2\/posts"}],"about":[{"href":"https:\/\/eldiariodesanpedro.com.ar\/sitio\/wp-json\/wp\/v2\/types\/post"}],"author":[{"embeddable":true,"href":"https:\/\/eldiariodesanpedro.com.ar\/sitio\/wp-json\/wp\/v2\/users\/4"}],"replies":[{"embeddable":true,"href":"https:\/\/eldiariodesanpedro.com.ar\/sitio\/wp-json\/wp\/v2\/comments?post=35842"}],"version-history":[{"count":1,"href":"https:\/\/eldiariodesanpedro.com.ar\/sitio\/wp-json\/wp\/v2\/posts\/35842\/revisions"}],"predecessor-version":[{"id":35844,"href":"https:\/\/eldiariodesanpedro.com.ar\/sitio\/wp-json\/wp\/v2\/posts\/35842\/revisions\/35844"}],"wp:featuredmedia":[{"embeddable":true,"href":"https:\/\/eldiariodesanpedro.com.ar\/sitio\/wp-json\/wp\/v2\/media\/10988"}],"wp:attachment":[{"href":"https:\/\/eldiariodesanpedro.com.ar\/sitio\/wp-json\/wp\/v2\/media?parent=35842"}],"wp:term":[{"taxonomy":"category","embeddable":true,"href":"https:\/\/eldiariodesanpedro.com.ar\/sitio\/wp-json\/wp\/v2\/categories?post=35842"},{"taxonomy":"post_tag","embeddable":true,"href":"https:\/\/eldiariodesanpedro.com.ar\/sitio\/wp-json\/wp\/v2\/tags?post=35842"}],"curies":[{"name":"wp","href":"https:\/\/api.w.org\/{rel}","templated":true}]}}