{"id":35836,"date":"2018-07-03T19:50:48","date_gmt":"2018-07-03T22:50:48","guid":{"rendered":"https:\/\/eldiariodesanpedro.com.ar\/sitio\/?p=35836"},"modified":"2018-07-03T19:53:42","modified_gmt":"2018-07-03T22:53:42","slug":"la-familia-de-juan-krespien-quiere-que-se-investigue-si-su-muerte-fue-o-no-un-suicidio","status":"publish","type":"post","link":"https:\/\/eldiariodesanpedro.com.ar\/sitio\/la-familia-de-juan-krespien-quiere-que-se-investigue-si-su-muerte-fue-o-no-un-suicidio\/","title":{"rendered":"La familia de Juan Krespien quiere que se investigue si su muerte fue o no un suicidio"},"content":{"rendered":"<p><!-- VideographyWP Plugin Message: Automatic video embedding prevented by plugin options. --><br \/>\nIsabel y Gustavo Krispien, hermanos de Juan fallecido el pasado 11 de junio, solicitan que se contin\u00fae con la investigaci\u00f3n para saber si su fallecimiento se debi\u00f3 realmente a un suicidio. La investigaci\u00f3n est\u00e1 a cargo de Gendarmer\u00eda, ya que su pareja pertenece a la Polic\u00eda de la Provincia y, el arma utilizada en el disparo que le ocasion\u00f3 la muerte, es su arma reglamentaria.<\/p>\n<p>El pasado 11 de junio Juan Krispien de 38 ingres\u00f3 al Hospital local con una herida de bala en la cabeza, con orificio de entrada y de salida. Lamentablemente, los m\u00e9dicos no pudieron salvar su vida. Aparentemente, este hombre habr\u00eda discutido con su pareja, una mujer que se desempe\u00f1a como<\/p>\n<p><img decoding=\"async\" data-attachment-id=\"35838\" data-permalink=\"https:\/\/eldiariodesanpedro.com.ar\/sitio\/la-familia-de-juan-krespien-quiere-que-se-investigue-si-su-muerte-fue-o-no-un-suicidio\/pagina-5-166\/\" data-orig-file=\"https:\/\/eldiariodesanpedro.com.ar\/sitio\/wp-content\/uploads\/2018\/07\/PAGINA-5.jpeg\" data-orig-size=\"378,540\" data-comments-opened=\"1\" data-image-meta=\"{&quot;aperture&quot;:&quot;0&quot;,&quot;credit&quot;:&quot;&quot;,&quot;camera&quot;:&quot;&quot;,&quot;caption&quot;:&quot;&quot;,&quot;created_timestamp&quot;:&quot;0&quot;,&quot;copyright&quot;:&quot;&quot;,&quot;focal_length&quot;:&quot;0&quot;,&quot;iso&quot;:&quot;0&quot;,&quot;shutter_speed&quot;:&quot;0&quot;,&quot;title&quot;:&quot;&quot;,&quot;orientation&quot;:&quot;0&quot;}\" data-image-title=\"PAGINA 5\" data-image-description=\"\" data-image-caption=\"\" data-large-file=\"https:\/\/eldiariodesanpedro.com.ar\/sitio\/wp-content\/uploads\/2018\/07\/PAGINA-5.jpeg\" class=\"wp-image-35838 alignleft lazyload\" data-src=\"https:\/\/eldiariodesanpedro.com.ar\/sitio\/wp-content\/uploads\/2018\/07\/PAGINA-5.jpeg\" alt=\"\" width=\"259\" height=\"370\" data-srcset=\"https:\/\/eldiariodesanpedro.com.ar\/sitio\/wp-content\/uploads\/2018\/07\/PAGINA-5.jpeg 378w, https:\/\/eldiariodesanpedro.com.ar\/sitio\/wp-content\/uploads\/2018\/07\/PAGINA-5-210x300.jpeg 210w\" data-sizes=\"(max-width: 259px) 100vw, 259px\" src=\"data:image\/svg+xml;base64,PHN2ZyB3aWR0aD0iMSIgaGVpZ2h0PSIxIiB4bWxucz0iaHR0cDovL3d3dy53My5vcmcvMjAwMC9zdmciPjwvc3ZnPg==\" style=\"--smush-placeholder-width: 259px; --smush-placeholder-aspect-ratio: 259\/370;\" \/><\/p>\n<p>polic\u00eda de la provincia en nuestra ciudad y, luego de la discusi\u00f3n se habr\u00eda disparado en la cabeza con el arma reglamentaria de su pareja.<br \/>\nLa familia del hombre fallecido, descree la versi\u00f3n del suicidio y, mediante una entrevista con El Diario de San Pedro, pide a la ex pareja que se acerque a ellos para explicarles c\u00f3mo se sucedieron los hechos ese tr\u00e1gico d\u00eda y permitirles tener algo de tranquilidad. Adem\u00e1s, aseguran que hasta el momento no han recibido ninguna explicaci\u00f3n de los hechos. Gendarmer\u00eda est\u00e1 a cargo de la causa que a\u00fan se encuentra en la etapa investigativa.<br \/>\nLos Krispien eran 9 hermanos, Juan era el mayor, y seg\u00fan cuentan Isabel y Gustavo, ten\u00edan una relaci\u00f3n muy cercana entre todos y Juan siempre estaba para ayudar.<\/p>\n<p>Cuentan que la familia se enter\u00f3 del fallecimiento de su hermano a trav\u00e9s de los medios y redes sociales. No confiados en la informaci\u00f3n que hab\u00eda llegado a sus o\u00eddos, se acercaron al Hospital para poder reconocer el cuerpo, pero no les fue permitido. En ese momento les informaron que Juan hab\u00eda fallecido de un disparo en la cabeza, aparentemente en un acto de suicidio y, que la bala hab\u00eda entrado por el lado derecho y salido por el izquierdo.<\/p>\n<p>Horas despu\u00e9s e intentado nuevamente reconocer a Juan, tal vez m\u00e1s guiados por el deseo que el no fuera \u00e9l el fallecido, volvieron al Hospital. En esta ocasi\u00f3n, fueron dos los m\u00e9dicos que los atendieron. Tampoco pudieron verlo y como antes lo hab\u00edan hecho, les dijeron que ten\u00eda un disparo en la cabeza. Pero a diferencia de la primera versi\u00f3n, la bala hab\u00eda ingresado por el lado izquierdo y salido por el derecho. Detalle que llam\u00f3 la atenci\u00f3n del padre, ya que su hijo era diestro.<\/p>\n<p>Ellos aseguran que Juan no ten\u00eda armas, que no creen en la versi\u00f3n del suicidio. Les gustar\u00eda poder hablar con su ex pareja, con quien hab\u00edan empezado a convivir en Santa Luc\u00eda desde hac\u00eda muy poco tiempo y con la que ten\u00edan s\u00f3lo un trato limitado porque s\u00f3lo se hab\u00edan encontrado pocas veces. Creen que esta mujer podr\u00eda darles tranquilidad cont\u00e1ndoles a ellos y sus padres c\u00f3mo hab\u00edan sido las \u00faltimas horas con vida de su hermano.<br \/>\nD\u00edas atr\u00e1s ella se acerc\u00f3 a la delegaci\u00f3n policial de la nombrada localidad y dej\u00f3 pertenencias de Juan para que su familia las retire, pero aclar\u00f3 que no quiere hablar con ellos.<\/p>\n<p>\u201cEstamos todos destrozados, \u00e9ramos muy unidos y ella sab\u00eda c\u00f3mo \u00e9ramos nosotros con \u00e9l. Queremos saber para dejarlo descansar en paz. Nos gustar\u00eda quedarnos tranquilos con la verdad, que ella trate de acercarse a la familia, a mi padre, para que cuente lo que pas\u00f3\u201d.<\/p>\n<p><iframe data-src=\"https:\/\/www.facebook.com\/plugins\/video.php?href=https%3A%2F%2Fwww.facebook.com%2Feldiario.desanpedro%2Fvideos%2F796575240551617%2F&#038;show_text=0&#038;width=560\" width=\"560\" height=\"315\" style=\"border:none;overflow:hidden\" scrolling=\"no\" frameborder=\"0\" allowTransparency=\"true\" allowFullScreen=\"true\" src=\"data:image\/svg+xml;base64,PHN2ZyB3aWR0aD0iMSIgaGVpZ2h0PSIxIiB4bWxucz0iaHR0cDovL3d3dy53My5vcmcvMjAwMC9zdmciPjwvc3ZnPg==\" class=\"lazyload\" data-load-mode=\"1\"><\/iframe><\/p>\n","protected":false},"excerpt":{"rendered":"<p>Isabel y Gustavo Krispien, hermanos de Juan fallecido el pasado 11 de junio, solicitan que se contin\u00fae con la investigaci\u00f3n para saber si su fallecimiento se debi\u00f3 realmente a un suicidio. La investigaci\u00f3n est\u00e1 a cargo de Gendarmer\u00eda, ya que su pareja pertenece a la Polic\u00eda de la Provincia y, el arma utilizada en el [&hellip;]<\/p>\n","protected":false},"author":4,"featured_media":35837,"comment_status":"open","ping_status":"closed","sticky":false,"template":"","format":"standard","meta":{"om_disable_all_campaigns":false,"_jetpack_memberships_contains_paid_content":false,"footnotes":""},"categories":[50,2,103],"tags":[],"class_list":["post-35836","post","type-post","status-publish","format-standard","has-post-thumbnail","hentry","category-destacadas","category-locales","category-policiales-locales"],"aioseo_notices":[],"gutentor_comment":0,"jetpack_featured_media_url":"https:\/\/eldiariodesanpedro.com.ar\/sitio\/wp-content\/uploads\/2018\/07\/TAPA-2.jpeg","jetpack_shortlink":"https:\/\/wp.me\/p6RhLt-9k0","jetpack_sharing_enabled":true,"_links":{"self":[{"href":"https:\/\/eldiariodesanpedro.com.ar\/sitio\/wp-json\/wp\/v2\/posts\/35836","targetHints":{"allow":["GET"]}}],"collection":[{"href":"https:\/\/eldiariodesanpedro.com.ar\/sitio\/wp-json\/wp\/v2\/posts"}],"about":[{"href":"https:\/\/eldiariodesanpedro.com.ar\/sitio\/wp-json\/wp\/v2\/types\/post"}],"author":[{"embeddable":true,"href":"https:\/\/eldiariodesanpedro.com.ar\/sitio\/wp-json\/wp\/v2\/users\/4"}],"replies":[{"embeddable":true,"href":"https:\/\/eldiariodesanpedro.com.ar\/sitio\/wp-json\/wp\/v2\/comments?post=35836"}],"version-history":[{"count":3,"href":"https:\/\/eldiariodesanpedro.com.ar\/sitio\/wp-json\/wp\/v2\/posts\/35836\/revisions"}],"predecessor-version":[{"id":35841,"href":"https:\/\/eldiariodesanpedro.com.ar\/sitio\/wp-json\/wp\/v2\/posts\/35836\/revisions\/35841"}],"wp:featuredmedia":[{"embeddable":true,"href":"https:\/\/eldiariodesanpedro.com.ar\/sitio\/wp-json\/wp\/v2\/media\/35837"}],"wp:attachment":[{"href":"https:\/\/eldiariodesanpedro.com.ar\/sitio\/wp-json\/wp\/v2\/media?parent=35836"}],"wp:term":[{"taxonomy":"category","embeddable":true,"href":"https:\/\/eldiariodesanpedro.com.ar\/sitio\/wp-json\/wp\/v2\/categories?post=35836"},{"taxonomy":"post_tag","embeddable":true,"href":"https:\/\/eldiariodesanpedro.com.ar\/sitio\/wp-json\/wp\/v2\/tags?post=35836"}],"curies":[{"name":"wp","href":"https:\/\/api.w.org\/{rel}","templated":true}]}}