{"id":3583,"date":"2016-04-22T22:12:22","date_gmt":"2016-04-23T01:12:22","guid":{"rendered":"https:\/\/eldiariodesanpedro.com.ar\/sitio\/?p=3583"},"modified":"2016-04-22T22:12:22","modified_gmt":"2016-04-23T01:12:22","slug":"conflicto-clinica-san-martin-el-municipio-oficio-de-mediador-y-se-espera-una-solucion-tras-la-marcha","status":"publish","type":"post","link":"https:\/\/eldiariodesanpedro.com.ar\/sitio\/conflicto-clinica-san-martin-el-municipio-oficio-de-mediador-y-se-espera-una-solucion-tras-la-marcha\/","title":{"rendered":"Conflicto Cl\u00ednica San Mart\u00edn: El Municipio ofici\u00f3 de mediador y se espera una soluci\u00f3n tras la marcha"},"content":{"rendered":"<p><!-- VideographyWP Plugin Message: Automatic video embedding prevented by plugin options. --><br \/>\nCansados de la situaci\u00f3n y preocupados por sus fuentes laborales, ayer trabajadores nucleados en el centro asistencial privado realizaron una marcha para reclamar por el pago de la deuda y adem\u00e1s para dar a conocer a los sampedrinos la dif\u00edcil realidad que hoy les toca atravesar.<br \/>\nLa concentraci\u00f3n se llev\u00f3 a cabo en la delegaci\u00f3n local del Ministerio de Trabajo, donde se incorporaron tambi\u00e9n integrantes de la CTA local. De all\u00ed partieron hacia calle Mitre y, tras pasar por la zona c\u00e9ntrica de nuestra ciudad, arribaron al palacio municipal. En ese lugar, se estaba llevando a cabo una reuni\u00f3n convocada por el intendente Cecilio Salazar con due\u00f1os de la cl\u00ednica, que ten\u00eda como objetivo conocer la situaci\u00f3n y colaborar en una posible soluci\u00f3n.<br \/>\nEn tanto que, por su parte, el secretario de Gobierno, Silvio Corti, invit\u00f3 a una delegaci\u00f3n de autoridades gremiales y empleados para hacerles saber los frutos de ese encuentro. \u201cEn el caso del municipio, lo que estamos tratando de hacer es una gesti\u00f3n de buenos oficios para tratar de resolver precisamente esta dificultad\u201d, dijo Corti a los medios presentes.<br \/>\nY, en ese sentido, explic\u00f3: \u201cEl intendente municipal, a trav\u00e9s de sus contactos y su experiencia, est\u00e1 gestionando con distintas obras sociales, incluida el PAMI, la posibilidad de que estas obras sociales adelanten parte de la facturaci\u00f3n habitual que tienen con la Cl\u00ednica San Mart\u00edn, dinero que, si la gesti\u00f3n se resuelve positivamente, de llegar a la cl\u00ednica la condici\u00f3n que pone el municipio es que sea destinado meramente a saldar la deuda que hay con los trabajadores\u201d.<br \/>\nSeguidamente, agreg\u00f3: \u201cEs una empresa muy complicada que debe aspirar a una soluci\u00f3n sustentable a mediano y largo plazo, para garantizar no solo el cobro de los sueldos, sino tambi\u00e9n las fuentes de trabajo\u201d.<br \/>\nEn tanto, el funcionario adem\u00e1s dio a conocer detalles del encuentro de Salazar y algunos de los due\u00f1os de la empresa: \u201cEl intendente lo que les est\u00e1 pidiendo a los directivos, y lo hemos charlado ac\u00e1 con los trabajadores, es que se cree una comisi\u00f3n de trabajo en donde el municipio no tiene problema en participar como mediador, aportando ideas, pero que tenga claramente la participaci\u00f3n activa de los trabajadores, para que ellos puedan ver claramente la situaci\u00f3n de esa empresa y entre todos logren dise\u00f1ar un plan de trabajo que recupere la sustentabilidad de esa cl\u00ednica y, por lo tanto, que se puedan garantizar las fuentes de trabajo, las m\u00e1s de 50 personas que ah\u00ed trabajan\u201d. <\/p>\n","protected":false},"excerpt":{"rendered":"<p>Cansados de la situaci\u00f3n y preocupados por sus fuentes laborales, ayer trabajadores nucleados en el centro asistencial privado realizaron una marcha para reclamar por el pago de la deuda y adem\u00e1s para dar a conocer a los sampedrinos la dif\u00edcil realidad que hoy les toca atravesar. La concentraci\u00f3n se llev\u00f3 a cabo en la delegaci\u00f3n [&hellip;]<\/p>\n","protected":false},"author":4,"featured_media":3584,"comment_status":"open","ping_status":"closed","sticky":false,"template":"","format":"standard","meta":{"om_disable_all_campaigns":false,"_jetpack_memberships_contains_paid_content":false,"footnotes":""},"categories":[50,101,2],"tags":[],"class_list":["post-3583","post","type-post","status-publish","format-standard","has-post-thumbnail","hentry","category-destacadas","category-interes-general-locales","category-locales"],"aioseo_notices":[],"gutentor_comment":0,"jetpack_featured_media_url":"https:\/\/eldiariodesanpedro.com.ar\/sitio\/wp-content\/uploads\/2016\/04\/PAGINA-3-01-3.jpg","jetpack_shortlink":"https:\/\/wp.me\/p6RhLt-VN","jetpack_sharing_enabled":true,"_links":{"self":[{"href":"https:\/\/eldiariodesanpedro.com.ar\/sitio\/wp-json\/wp\/v2\/posts\/3583","targetHints":{"allow":["GET"]}}],"collection":[{"href":"https:\/\/eldiariodesanpedro.com.ar\/sitio\/wp-json\/wp\/v2\/posts"}],"about":[{"href":"https:\/\/eldiariodesanpedro.com.ar\/sitio\/wp-json\/wp\/v2\/types\/post"}],"author":[{"embeddable":true,"href":"https:\/\/eldiariodesanpedro.com.ar\/sitio\/wp-json\/wp\/v2\/users\/4"}],"replies":[{"embeddable":true,"href":"https:\/\/eldiariodesanpedro.com.ar\/sitio\/wp-json\/wp\/v2\/comments?post=3583"}],"version-history":[{"count":1,"href":"https:\/\/eldiariodesanpedro.com.ar\/sitio\/wp-json\/wp\/v2\/posts\/3583\/revisions"}],"predecessor-version":[{"id":3585,"href":"https:\/\/eldiariodesanpedro.com.ar\/sitio\/wp-json\/wp\/v2\/posts\/3583\/revisions\/3585"}],"wp:featuredmedia":[{"embeddable":true,"href":"https:\/\/eldiariodesanpedro.com.ar\/sitio\/wp-json\/wp\/v2\/media\/3584"}],"wp:attachment":[{"href":"https:\/\/eldiariodesanpedro.com.ar\/sitio\/wp-json\/wp\/v2\/media?parent=3583"}],"wp:term":[{"taxonomy":"category","embeddable":true,"href":"https:\/\/eldiariodesanpedro.com.ar\/sitio\/wp-json\/wp\/v2\/categories?post=3583"},{"taxonomy":"post_tag","embeddable":true,"href":"https:\/\/eldiariodesanpedro.com.ar\/sitio\/wp-json\/wp\/v2\/tags?post=3583"}],"curies":[{"name":"wp","href":"https:\/\/api.w.org\/{rel}","templated":true}]}}