{"id":35825,"date":"2018-07-03T19:14:26","date_gmt":"2018-07-03T22:14:26","guid":{"rendered":"https:\/\/eldiariodesanpedro.com.ar\/sitio\/?p=35825"},"modified":"2018-07-03T19:14:26","modified_gmt":"2018-07-03T22:14:26","slug":"concentracion-y-marcha-en-defensa-de-los-equipos-de-orientacion-escolar","status":"publish","type":"post","link":"https:\/\/eldiariodesanpedro.com.ar\/sitio\/concentracion-y-marcha-en-defensa-de-los-equipos-de-orientacion-escolar\/","title":{"rendered":"Concentraci\u00f3n y marcha en defensa de los Equipos de Orientaci\u00f3n Escolar"},"content":{"rendered":"<p><!-- VideographyWP Plugin Message: Automatic video embedding prevented by plugin options. --><br \/>\nComo se dispuso d\u00edas atr\u00e1s, este martes se llevo a cabo la medida de fuerza en todo el pa\u00eds dispuesta por CTERA en repudio a la represi\u00f3n de los docentes en Chubut, en nuestra ciudad se dio un acatamiento de alrededor del 90% y a partir de las 9:30 hs se convoco a una concentracion en Plaza Belgrano en defensa de los EOE luego de la resoluci\u00f3n de la Gobernadora.<\/p>\n<p>En San Pedro el acatamiento al paro fue de alrededor del 90% organizado por CTERA y el acompa\u00f1amiento de todo el Frente Gremial Docente tras los hechos ocurridos en Chubut donde fueron en medio de un conflicto que lleva m\u00e1s de 70 d\u00edas sin clases por paros, los docentes fueron reprimidos con balas de goma y gas pimienta mientras esperaban que se resolviera una reuni\u00f3n paritaria fuera de la Casa de Gobierno de esa provincia.<\/p>\n<p>Ademas se realizo una concentraci\u00f3n en la Plaza Belgrano organizado por docentes del \u00e1rea de Psicolog\u00eda en defensa de los Equipos de Orientaci\u00f3n Escolar que dio comienzo desde las 9:30 horas y luego marcharon por las calles c\u00e9ntricas de la ciudad hasta llegar a HCD donde entregaron una carta dirigida a los concejales para que se deje sin efecto la resoluci\u00f3n impuesta por el gobierno de Mar\u00eda Eugenia Vidal.<\/p>\n<p>Los Equipos de Orientaci\u00f3n Escolar trabajan en ante situaciones de pobreza, subalimentaci\u00f3n, padres adolescentes, ausentismo, fracaso, deserci\u00f3n, repitencia, bajo avance de aprendizaje, sobreedad y est\u00e1n para acompa\u00f1ar dificultades en el curso de las trayectorias escolares de los alumnos.<\/p>\n<p>En el HCD se reunieron con ediles oficialistas y opositores, se realizaba la Comisi\u00f3n de Peticiones a la que hab\u00eda sido enviado el proyecto de comunicaci\u00f3n en repudio a la resoluci\u00f3n que recorta los EOE.<\/p>\n","protected":false},"excerpt":{"rendered":"<p>Como se dispuso d\u00edas atr\u00e1s, este martes se llevo a cabo la medida de fuerza en todo el pa\u00eds dispuesta por CTERA en repudio a la represi\u00f3n de los docentes en Chubut, en nuestra ciudad se dio un acatamiento de alrededor del 90% y a partir de las 9:30 hs se convoco a una concentracion [&hellip;]<\/p>\n","protected":false},"author":4,"featured_media":35833,"comment_status":"open","ping_status":"closed","sticky":false,"template":"","format":"standard","meta":{"om_disable_all_campaigns":false,"_jetpack_memberships_contains_paid_content":false,"footnotes":""},"categories":[101,2],"tags":[],"class_list":["post-35825","post","type-post","status-publish","format-standard","has-post-thumbnail","hentry","category-interes-general-locales","category-locales"],"aioseo_notices":[],"gutentor_comment":0,"jetpack_featured_media_url":"https:\/\/eldiariodesanpedro.com.ar\/sitio\/wp-content\/uploads\/2018\/07\/20180703_104804-e1530656008458.jpg","jetpack_shortlink":"https:\/\/wp.me\/p6RhLt-9jP","jetpack_sharing_enabled":true,"_links":{"self":[{"href":"https:\/\/eldiariodesanpedro.com.ar\/sitio\/wp-json\/wp\/v2\/posts\/35825","targetHints":{"allow":["GET"]}}],"collection":[{"href":"https:\/\/eldiariodesanpedro.com.ar\/sitio\/wp-json\/wp\/v2\/posts"}],"about":[{"href":"https:\/\/eldiariodesanpedro.com.ar\/sitio\/wp-json\/wp\/v2\/types\/post"}],"author":[{"embeddable":true,"href":"https:\/\/eldiariodesanpedro.com.ar\/sitio\/wp-json\/wp\/v2\/users\/4"}],"replies":[{"embeddable":true,"href":"https:\/\/eldiariodesanpedro.com.ar\/sitio\/wp-json\/wp\/v2\/comments?post=35825"}],"version-history":[{"count":1,"href":"https:\/\/eldiariodesanpedro.com.ar\/sitio\/wp-json\/wp\/v2\/posts\/35825\/revisions"}],"predecessor-version":[{"id":35834,"href":"https:\/\/eldiariodesanpedro.com.ar\/sitio\/wp-json\/wp\/v2\/posts\/35825\/revisions\/35834"}],"wp:featuredmedia":[{"embeddable":true,"href":"https:\/\/eldiariodesanpedro.com.ar\/sitio\/wp-json\/wp\/v2\/media\/35833"}],"wp:attachment":[{"href":"https:\/\/eldiariodesanpedro.com.ar\/sitio\/wp-json\/wp\/v2\/media?parent=35825"}],"wp:term":[{"taxonomy":"category","embeddable":true,"href":"https:\/\/eldiariodesanpedro.com.ar\/sitio\/wp-json\/wp\/v2\/categories?post=35825"},{"taxonomy":"post_tag","embeddable":true,"href":"https:\/\/eldiariodesanpedro.com.ar\/sitio\/wp-json\/wp\/v2\/tags?post=35825"}],"curies":[{"name":"wp","href":"https:\/\/api.w.org\/{rel}","templated":true}]}}