{"id":35822,"date":"2018-07-03T17:08:31","date_gmt":"2018-07-03T20:08:31","guid":{"rendered":"https:\/\/eldiariodesanpedro.com.ar\/sitio\/?p=35822"},"modified":"2018-07-03T17:08:31","modified_gmt":"2018-07-03T20:08:31","slug":"donacion-de-mobiliario-para-el-quirofano-del-hospital","status":"publish","type":"post","link":"https:\/\/eldiariodesanpedro.com.ar\/sitio\/donacion-de-mobiliario-para-el-quirofano-del-hospital\/","title":{"rendered":"Donaci\u00f3n de mobiliario para el quir\u00f3fano del Hospital"},"content":{"rendered":"<p><!-- VideographyWP Plugin Message: Automatic video embedding prevented by plugin options. --><br \/>\nLa colaboraci\u00f3n de las empresas y particulares que reconocen la labor que se desarrolla desde el Hospital Emilio Ruffa, hace posible que de manera frecuente podamos compartir estas noticias que incluyen un agradecimiento digno de ser reconocido.<\/p>\n<p>La empresa Laiz Amoblamientos, a instancias de una gesti\u00f3n realizada por el Dr. Manuel Mendieta Jefe de Quir\u00f3fano, don\u00f3 un locker, un mueble bajo mesada y cestos para residuos que ser\u00e1n utilizados precisamente en ese espacio del nosocomio. Esta ma\u00f1ana se realiz\u00f3 la entrega y colocaci\u00f3n de los elementos que mejoran el funcionamiento de este espacio.<\/p>\n","protected":false},"excerpt":{"rendered":"<p>La colaboraci\u00f3n de las empresas y particulares que reconocen la labor que se desarrolla desde el Hospital Emilio Ruffa, hace posible que de manera frecuente podamos compartir estas noticias que incluyen un agradecimiento digno de ser reconocido. La empresa Laiz Amoblamientos, a instancias de una gesti\u00f3n realizada por el Dr. Manuel Mendieta Jefe de Quir\u00f3fano, [&hellip;]<\/p>\n","protected":false},"author":4,"featured_media":35823,"comment_status":"open","ping_status":"closed","sticky":false,"template":"","format":"standard","meta":{"om_disable_all_campaigns":false,"_jetpack_memberships_contains_paid_content":false,"footnotes":""},"categories":[101,2],"tags":[],"class_list":["post-35822","post","type-post","status-publish","format-standard","has-post-thumbnail","hentry","category-interes-general-locales","category-locales"],"aioseo_notices":[],"gutentor_comment":0,"jetpack_featured_media_url":"https:\/\/eldiariodesanpedro.com.ar\/sitio\/wp-content\/uploads\/2018\/07\/pastedImage-1-1.png","jetpack_shortlink":"https:\/\/wp.me\/p6RhLt-9jM","jetpack_sharing_enabled":true,"_links":{"self":[{"href":"https:\/\/eldiariodesanpedro.com.ar\/sitio\/wp-json\/wp\/v2\/posts\/35822","targetHints":{"allow":["GET"]}}],"collection":[{"href":"https:\/\/eldiariodesanpedro.com.ar\/sitio\/wp-json\/wp\/v2\/posts"}],"about":[{"href":"https:\/\/eldiariodesanpedro.com.ar\/sitio\/wp-json\/wp\/v2\/types\/post"}],"author":[{"embeddable":true,"href":"https:\/\/eldiariodesanpedro.com.ar\/sitio\/wp-json\/wp\/v2\/users\/4"}],"replies":[{"embeddable":true,"href":"https:\/\/eldiariodesanpedro.com.ar\/sitio\/wp-json\/wp\/v2\/comments?post=35822"}],"version-history":[{"count":1,"href":"https:\/\/eldiariodesanpedro.com.ar\/sitio\/wp-json\/wp\/v2\/posts\/35822\/revisions"}],"predecessor-version":[{"id":35824,"href":"https:\/\/eldiariodesanpedro.com.ar\/sitio\/wp-json\/wp\/v2\/posts\/35822\/revisions\/35824"}],"wp:featuredmedia":[{"embeddable":true,"href":"https:\/\/eldiariodesanpedro.com.ar\/sitio\/wp-json\/wp\/v2\/media\/35823"}],"wp:attachment":[{"href":"https:\/\/eldiariodesanpedro.com.ar\/sitio\/wp-json\/wp\/v2\/media?parent=35822"}],"wp:term":[{"taxonomy":"category","embeddable":true,"href":"https:\/\/eldiariodesanpedro.com.ar\/sitio\/wp-json\/wp\/v2\/categories?post=35822"},{"taxonomy":"post_tag","embeddable":true,"href":"https:\/\/eldiariodesanpedro.com.ar\/sitio\/wp-json\/wp\/v2\/tags?post=35822"}],"curies":[{"name":"wp","href":"https:\/\/api.w.org\/{rel}","templated":true}]}}