{"id":35812,"date":"2018-07-03T10:16:30","date_gmt":"2018-07-03T13:16:30","guid":{"rendered":"https:\/\/eldiariodesanpedro.com.ar\/sitio\/?p=35812"},"modified":"2018-07-03T10:21:35","modified_gmt":"2018-07-03T13:21:35","slug":"san-nicolas-en-menos-de-un-ano-el-same-ya-supero-en-san-nicolas-las-9-mil-prestaciones-medicas","status":"publish","type":"post","link":"https:\/\/eldiariodesanpedro.com.ar\/sitio\/san-nicolas-en-menos-de-un-ano-el-same-ya-supero-en-san-nicolas-las-9-mil-prestaciones-medicas\/","title":{"rendered":"SAN NICOL\u00c1S: En menos de un a\u00f1o, el SAME ya super\u00f3 en San Nicol\u00e1s las 9 mil prestaciones m\u00e9dicas"},"content":{"rendered":"<p><!-- VideographyWP Plugin Message: Automatic video embedding prevented by plugin options. --><br \/>\nHasta ayer, el sistema de emergencias que comenz\u00f3 a implementarse localmente el 5 de julio de 2017 atendi\u00f3 alrededor de 9.100 pedidos de asistencia de vecinos del partido de San Nicol\u00e1s. El SAME recibe un promedio mensual de 750 llamados al 107. El 27 por ciento es por emergencias de c\u00f3digo rojo, con riesgo de vida.<br \/>\nEste jueves, 5 de julio, se cumplir\u00e1 un a\u00f1o desde que el Servicio de Atenci\u00f3n M\u00e9dica de Emergencias (SAME) funciona en San Nicol\u00e1s. Desde entonces, el sistema que naci\u00f3 en la Capital Federal y que el gobierno bonaerense de Mar\u00eda Eugenia Vidal adopt\u00f3 (y adapt\u00f3) para llevarlo a un n\u00famero siempre creciente de municipios, viene atendiendo en nuestra ciudad un promedio mensual de 750 demandas: es decir, 25 por d\u00eda.<br \/>\nAs\u00ed se desprende de los registros que lleva el equipo del SAME nicole\u00f1o que encabeza el Dr. Federico Alcorta, quien ayer precis\u00f3 a EL NORTE que desde su puesta en funcionamiento y hasta el pasado domingo, un total de 9.038 llamadas telef\u00f3nicas al 107 motivaron igual cantidad de respuestas.<br \/>\nEl director del SAME local tambi\u00e9n indic\u00f3 que el 27 por ciento de esas atenciones correspondieron a situaciones contenidas dentro de lo que se denomina \u201cC\u00f3digo Rojo\u201d: situaciones en las que la vida del paciente est\u00e1 en riesgo inmediato. \u00c9sas son las emergencias.<br \/>\nDespu\u00e9s est\u00e1n las urgencias, calificadas como \u201cC\u00f3digo Amarillo\u201d. El 58 por ciento de las casi 9.100 prestaciones cuadraron en esta categor\u00eda.<\/p>\n<p>Tiempos de respuesta<br \/>\nEn tanto, el 15 por ciento restante constituye una porci\u00f3n que habr\u00e1 que reducir: es la que constituyen las salidas de ambulancias hacia situaciones que si buen fueron denunciadas como urgencias y emergencias, no terminaron siendo m\u00e1s que una mera consulta m\u00e9dica con modalidad de visita domiciliaria. Y no est\u00e1 entre las funciones del SAME cumplir con la prestaci\u00f3n de tal servicio.<br \/>\nEl SAME nicole\u00f1o tiene cinco bases operativas: en el Hospital de Zona Norte (donde funciona adem\u00e1s la Central de Operadores), en el Centro de Medicina Preventiva (CEMPRE, en Pellegrini y Rivadavia) y en los centros sanitarios asistenciales de barrio Del Carmen y de las localidades de La Emilia y General Rojo. Y tambi\u00e9n, los fines de semana en Conesa.<br \/>\nEn cuanto a los tiempos de respuesta, el Director del SAME nicole\u00f1o indic\u00f3 que cada vez m\u00e1s el promedio se va acercando a la respuesta \u00f3ptima de 8 minutos que establecen los est\u00e1ndares nacionales (en realidad, el rango est\u00e1ndar de referencia es de entre 8 y 12 minutos).<br \/>\nEl SAME local cuenta con una flota de 8 ambulancias, que est\u00e1n equipadas con cardiodesfibriladores, paneles centrales de ox\u00edgeno, tubos de ox\u00edgeno independientes para la atenci\u00f3n fuera del veh\u00edculo, kits para la atenci\u00f3n de trauma, v\u00eda a\u00e9rea, parto y quemado y equipo de comunicaci\u00f3n.<\/p>\n<p>56 en la provincia<br \/>\nRecientemente, el gobierno bonaerense puso en marcha el SAME en el distrito de Moreno, y ya son 56 los distritos que se sumaron al sistema de emergencias que en San Nicol\u00e1s est\u00e1 activo desde julio de 2017.<br \/>\nEn Moreno, la gobernadora Mar\u00eda Eugenia Vidal entreg\u00f3 13 ambulancias de alta complejidad, en un acto junto al intendente opositor de ese distrito, Walter Festa y al ministro de Salud, Andr\u00e9s Scarsi.<br \/>\n\u201cCuando termine nuestra gesti\u00f3n todos los bonaerenses van a tener SAME y todos los hospitales, su guardia renovada porque queremos garantizarles a los vecinos que no est\u00e1n solos\u201d, asegur\u00f3 Vidal. \u201cEn esto no hay diferencias pol\u00edticas ni partidarias, tenemos que trabajar todos juntos. La gente nos vot\u00f3 para dar respuestas, m\u00e1s all\u00e1 de los partidos a los que pertenezcamos\u201d, dijo la mandataria junto a Festa.<br \/>\nHasta el momento, los distritos en que ya funcionan variables locales del sistema SAME, son: Almirante Brown, Arrecifes, Ayacucho, Azul, Bah\u00eda Blanca, Balcarce, Baradero, Berisso, Brandsen, Campana, Carlos Tejedor, Coronel Pringles, Chivilcoy, Ensenada, Escobar, Ezeiza, Florencio Varela, General Alvarado, General Arenales, General Belgrano, General Madariaga, General Paz, General Pueyrred\u00f3n, General Rodr\u00edguez, general Viamonte, Jos\u00e9 C. Paz, La Plata, Lan\u00fas, Lincoln, Lomas de Zamora, Magdalena, Maip\u00fa, Mar Chiquita, Moreno, Mor\u00f3n, Olavarr\u00eda, Pellegrini, Pergamino, Pilar, Pinamar, Punta Indio, Quilmes, Rauch, Rojas, Salliquel\u00f3, San Isidro, San Miguel, San Nicol\u00e1s, San Pedro, San Vicente, Suipacha, Tandil, Torquinst, Trenque Lauquen, Tres de Febrero y Vicente L\u00f3pez.<\/p>\n<p>Fuente: Diario EL Norte<\/p>\n","protected":false},"excerpt":{"rendered":"<p>Hasta ayer, el sistema de emergencias que comenz\u00f3 a implementarse localmente el 5 de julio de 2017 atendi\u00f3 alrededor de 9.100 pedidos de asistencia de vecinos del partido de San Nicol\u00e1s. El SAME recibe un promedio mensual de 750 llamados al 107. El 27 por ciento es por emergencias de c\u00f3digo rojo, con riesgo de [&hellip;]<\/p>\n","protected":false},"author":4,"featured_media":35813,"comment_status":"open","ping_status":"closed","sticky":false,"template":"","format":"standard","meta":{"om_disable_all_campaigns":false,"_jetpack_memberships_contains_paid_content":false,"footnotes":""},"categories":[621],"tags":[],"class_list":["post-35812","post","type-post","status-publish","format-standard","has-post-thumbnail","hentry","category-regionales"],"aioseo_notices":[],"gutentor_comment":0,"jetpack_featured_media_url":"https:\/\/eldiariodesanpedro.com.ar\/sitio\/wp-content\/uploads\/2018\/07\/elnorte5b3b3a4707e67_11-same-4col.jpg","jetpack_shortlink":"https:\/\/wp.me\/p6RhLt-9jC","jetpack_sharing_enabled":true,"_links":{"self":[{"href":"https:\/\/eldiariodesanpedro.com.ar\/sitio\/wp-json\/wp\/v2\/posts\/35812","targetHints":{"allow":["GET"]}}],"collection":[{"href":"https:\/\/eldiariodesanpedro.com.ar\/sitio\/wp-json\/wp\/v2\/posts"}],"about":[{"href":"https:\/\/eldiariodesanpedro.com.ar\/sitio\/wp-json\/wp\/v2\/types\/post"}],"author":[{"embeddable":true,"href":"https:\/\/eldiariodesanpedro.com.ar\/sitio\/wp-json\/wp\/v2\/users\/4"}],"replies":[{"embeddable":true,"href":"https:\/\/eldiariodesanpedro.com.ar\/sitio\/wp-json\/wp\/v2\/comments?post=35812"}],"version-history":[{"count":2,"href":"https:\/\/eldiariodesanpedro.com.ar\/sitio\/wp-json\/wp\/v2\/posts\/35812\/revisions"}],"predecessor-version":[{"id":35818,"href":"https:\/\/eldiariodesanpedro.com.ar\/sitio\/wp-json\/wp\/v2\/posts\/35812\/revisions\/35818"}],"wp:featuredmedia":[{"embeddable":true,"href":"https:\/\/eldiariodesanpedro.com.ar\/sitio\/wp-json\/wp\/v2\/media\/35813"}],"wp:attachment":[{"href":"https:\/\/eldiariodesanpedro.com.ar\/sitio\/wp-json\/wp\/v2\/media?parent=35812"}],"wp:term":[{"taxonomy":"category","embeddable":true,"href":"https:\/\/eldiariodesanpedro.com.ar\/sitio\/wp-json\/wp\/v2\/categories?post=35812"},{"taxonomy":"post_tag","embeddable":true,"href":"https:\/\/eldiariodesanpedro.com.ar\/sitio\/wp-json\/wp\/v2\/tags?post=35812"}],"curies":[{"name":"wp","href":"https:\/\/api.w.org\/{rel}","templated":true}]}}