{"id":3580,"date":"2016-04-22T22:06:04","date_gmt":"2016-04-23T01:06:04","guid":{"rendered":"https:\/\/eldiariodesanpedro.com.ar\/sitio\/?p=3580"},"modified":"2016-04-22T22:06:04","modified_gmt":"2016-04-23T01:06:04","slug":"la-policia-secuestro-un-cuchillo-verijero-de-un-alumno","status":"publish","type":"post","link":"https:\/\/eldiariodesanpedro.com.ar\/sitio\/la-policia-secuestro-un-cuchillo-verijero-de-un-alumno\/","title":{"rendered":"La polic\u00eda secuestr\u00f3 un cuchillo verijero de un alumno"},"content":{"rendered":"<p><!-- VideographyWP Plugin Message: Automatic video embedding prevented by plugin options. --><br \/>\nLa situaci\u00f3n fue denunciada ayer por docentes del establecimiento educativo, quienes entregaron al personal policial el arma blanca que hab\u00eda sido hallada entre las pertenencias del menor.<br \/>\nEl cuchillo fue hallado dentro de la cartuchera de alumno de 14 a\u00f1os, tras una inspecci\u00f3n de sus \u00fatiles escolares por parte de los educadores de la entidad. Lo cierto es que se hab\u00edan generado anteriormente de ello entredichos entre otro alumno y el joven en cuesti\u00f3n, quien adujo portar dicho elemento cortante, lo que desencaden\u00f3 su b\u00fasqueda.<br \/>\nUna vez en el lugar, el personal policial secuestr\u00f3, luego de entrevistarse con la directora de la instituci\u00f3n, un cuchillo verijero, con mango de madera, hoja de filo liso, sin marca visible, de un largo total de 18 cm aproximadamente y con vaina de cuero.<\/p>\n","protected":false},"excerpt":{"rendered":"<p>La situaci\u00f3n fue denunciada ayer por docentes del establecimiento educativo, quienes entregaron al personal policial el arma blanca que hab\u00eda sido hallada entre las pertenencias del menor. El cuchillo fue hallado dentro de la cartuchera de alumno de 14 a\u00f1os, tras una inspecci\u00f3n de sus \u00fatiles escolares por parte de los educadores de la entidad. [&hellip;]<\/p>\n","protected":false},"author":4,"featured_media":3581,"comment_status":"open","ping_status":"closed","sticky":false,"template":"","format":"standard","meta":{"om_disable_all_campaigns":false,"_jetpack_memberships_contains_paid_content":false,"footnotes":""},"categories":[2,103],"tags":[],"class_list":["post-3580","post","type-post","status-publish","format-standard","has-post-thumbnail","hentry","category-locales","category-policiales-locales"],"aioseo_notices":[],"gutentor_comment":0,"jetpack_featured_media_url":"https:\/\/eldiariodesanpedro.com.ar\/sitio\/wp-content\/uploads\/2016\/04\/79B.jpg","jetpack_shortlink":"https:\/\/wp.me\/p6RhLt-VK","jetpack_sharing_enabled":true,"_links":{"self":[{"href":"https:\/\/eldiariodesanpedro.com.ar\/sitio\/wp-json\/wp\/v2\/posts\/3580","targetHints":{"allow":["GET"]}}],"collection":[{"href":"https:\/\/eldiariodesanpedro.com.ar\/sitio\/wp-json\/wp\/v2\/posts"}],"about":[{"href":"https:\/\/eldiariodesanpedro.com.ar\/sitio\/wp-json\/wp\/v2\/types\/post"}],"author":[{"embeddable":true,"href":"https:\/\/eldiariodesanpedro.com.ar\/sitio\/wp-json\/wp\/v2\/users\/4"}],"replies":[{"embeddable":true,"href":"https:\/\/eldiariodesanpedro.com.ar\/sitio\/wp-json\/wp\/v2\/comments?post=3580"}],"version-history":[{"count":1,"href":"https:\/\/eldiariodesanpedro.com.ar\/sitio\/wp-json\/wp\/v2\/posts\/3580\/revisions"}],"predecessor-version":[{"id":3582,"href":"https:\/\/eldiariodesanpedro.com.ar\/sitio\/wp-json\/wp\/v2\/posts\/3580\/revisions\/3582"}],"wp:featuredmedia":[{"embeddable":true,"href":"https:\/\/eldiariodesanpedro.com.ar\/sitio\/wp-json\/wp\/v2\/media\/3581"}],"wp:attachment":[{"href":"https:\/\/eldiariodesanpedro.com.ar\/sitio\/wp-json\/wp\/v2\/media?parent=3580"}],"wp:term":[{"taxonomy":"category","embeddable":true,"href":"https:\/\/eldiariodesanpedro.com.ar\/sitio\/wp-json\/wp\/v2\/categories?post=3580"},{"taxonomy":"post_tag","embeddable":true,"href":"https:\/\/eldiariodesanpedro.com.ar\/sitio\/wp-json\/wp\/v2\/tags?post=3580"}],"curies":[{"name":"wp","href":"https:\/\/api.w.org\/{rel}","templated":true}]}}