{"id":35797,"date":"2018-07-03T09:04:21","date_gmt":"2018-07-03T12:04:21","guid":{"rendered":"https:\/\/eldiariodesanpedro.com.ar\/sitio\/?p=35797"},"modified":"2018-07-03T09:44:12","modified_gmt":"2018-07-03T12:44:12","slug":"un-joven-aprehendido-en-operativo-vehicular","status":"publish","type":"post","link":"https:\/\/eldiariodesanpedro.com.ar\/sitio\/un-joven-aprehendido-en-operativo-vehicular\/","title":{"rendered":"Un joven aprehendido en Operativo Vehicular"},"content":{"rendered":"<p><!-- VideographyWP Plugin Message: Automatic video embedding prevented by plugin options. --><br \/>\nEl d\u00eda lunes por la tarde, se realiz\u00f3 un Operativo de Interceptaci\u00f3n Vehicular en la localidad vecina de R\u00edo Tala.<\/p>\n<p>Momentos en que se realizaba el Operativo, personal policial procedi\u00f3 a la aprehensi\u00f3n de un joven de 20 a\u00f1os de edad, quien circulaba en una motocicleta marca Motomel 150cc, la cual registra pedido activo y fecha de alta el 16 de Agosto del 2014<\/p>\n<p>El joven y el rodado fueron trasladados a Comisaria y se solicit\u00f3  intervenci\u00f3n a la Fiscal\u00eda de turno que dispone notificaci\u00f3n de actuaciones y secuestro del veh\u00edculo. <\/p>\n","protected":false},"excerpt":{"rendered":"<p>El d\u00eda lunes por la tarde, se realiz\u00f3 un Operativo de Interceptaci\u00f3n Vehicular en la localidad vecina de R\u00edo Tala. Momentos en que se realizaba el Operativo, personal policial procedi\u00f3 a la aprehensi\u00f3n de un joven de 20 a\u00f1os de edad, quien circulaba en una motocicleta marca Motomel 150cc, la cual registra pedido activo y [&hellip;]<\/p>\n","protected":false},"author":4,"featured_media":12840,"comment_status":"open","ping_status":"closed","sticky":false,"template":"","format":"standard","meta":{"om_disable_all_campaigns":false,"_jetpack_memberships_contains_paid_content":false,"footnotes":""},"categories":[2,103],"tags":[],"class_list":["post-35797","post","type-post","status-publish","format-standard","has-post-thumbnail","hentry","category-locales","category-policiales-locales"],"aioseo_notices":[],"gutentor_comment":0,"jetpack_featured_media_url":"https:\/\/eldiariodesanpedro.com.ar\/sitio\/wp-content\/uploads\/2017\/01\/movil-inspeccion-municipalidad-san-pedro.jpg","jetpack_shortlink":"https:\/\/wp.me\/p6RhLt-9jn","jetpack_sharing_enabled":true,"_links":{"self":[{"href":"https:\/\/eldiariodesanpedro.com.ar\/sitio\/wp-json\/wp\/v2\/posts\/35797","targetHints":{"allow":["GET"]}}],"collection":[{"href":"https:\/\/eldiariodesanpedro.com.ar\/sitio\/wp-json\/wp\/v2\/posts"}],"about":[{"href":"https:\/\/eldiariodesanpedro.com.ar\/sitio\/wp-json\/wp\/v2\/types\/post"}],"author":[{"embeddable":true,"href":"https:\/\/eldiariodesanpedro.com.ar\/sitio\/wp-json\/wp\/v2\/users\/4"}],"replies":[{"embeddable":true,"href":"https:\/\/eldiariodesanpedro.com.ar\/sitio\/wp-json\/wp\/v2\/comments?post=35797"}],"version-history":[{"count":2,"href":"https:\/\/eldiariodesanpedro.com.ar\/sitio\/wp-json\/wp\/v2\/posts\/35797\/revisions"}],"predecessor-version":[{"id":35809,"href":"https:\/\/eldiariodesanpedro.com.ar\/sitio\/wp-json\/wp\/v2\/posts\/35797\/revisions\/35809"}],"wp:featuredmedia":[{"embeddable":true,"href":"https:\/\/eldiariodesanpedro.com.ar\/sitio\/wp-json\/wp\/v2\/media\/12840"}],"wp:attachment":[{"href":"https:\/\/eldiariodesanpedro.com.ar\/sitio\/wp-json\/wp\/v2\/media?parent=35797"}],"wp:term":[{"taxonomy":"category","embeddable":true,"href":"https:\/\/eldiariodesanpedro.com.ar\/sitio\/wp-json\/wp\/v2\/categories?post=35797"},{"taxonomy":"post_tag","embeddable":true,"href":"https:\/\/eldiariodesanpedro.com.ar\/sitio\/wp-json\/wp\/v2\/tags?post=35797"}],"curies":[{"name":"wp","href":"https:\/\/api.w.org\/{rel}","templated":true}]}}