{"id":35795,"date":"2018-07-03T08:48:42","date_gmt":"2018-07-03T11:48:42","guid":{"rendered":"https:\/\/eldiariodesanpedro.com.ar\/sitio\/?p=35795"},"modified":"2018-07-03T08:48:42","modified_gmt":"2018-07-03T11:48:42","slug":"robaron-una-camioneta-en-la-via-publica-2","status":"publish","type":"post","link":"https:\/\/eldiariodesanpedro.com.ar\/sitio\/robaron-una-camioneta-en-la-via-publica-2\/","title":{"rendered":"Robaron una camioneta en la v\u00eda p\u00fablica"},"content":{"rendered":"<p><!-- VideographyWP Plugin Message: Automatic video embedding prevented by plugin options. --><br \/>\nUn ciudadano mayor, denunci\u00f3 en Dependencia Local, que  hab\u00eda dejado estacionada  su camioneta Toyota Hilux 2008 sobre calle  Nieto de Torres e Ituizango la noche del lunes, y en la ma\u00f1ana de este martes, cuando se levant\u00f3, constat\u00f3 que su vehiculo  hab\u00eda sido sustra\u00edda por delincuentes. <\/p>\n<p>Toma intervenci\u00f3n la Fiscalia N\u00ba5 a cargo del Dr Manso.<\/p>\n","protected":false},"excerpt":{"rendered":"<p>Un ciudadano mayor, denunci\u00f3 en Dependencia Local, que hab\u00eda dejado estacionada su camioneta Toyota Hilux 2008 sobre calle Nieto de Torres e Ituizango la noche del lunes, y en la ma\u00f1ana de este martes, cuando se levant\u00f3, constat\u00f3 que su vehiculo hab\u00eda sido sustra\u00edda por delincuentes. Toma intervenci\u00f3n la Fiscalia N\u00ba5 a cargo del Dr [&hellip;]<\/p>\n","protected":false},"author":4,"featured_media":34429,"comment_status":"open","ping_status":"closed","sticky":false,"template":"","format":"standard","meta":{"om_disable_all_campaigns":false,"_jetpack_memberships_contains_paid_content":false,"footnotes":""},"categories":[2,103],"tags":[],"class_list":["post-35795","post","type-post","status-publish","format-standard","has-post-thumbnail","hentry","category-locales","category-policiales-locales"],"aioseo_notices":[],"gutentor_comment":0,"jetpack_featured_media_url":"https:\/\/eldiariodesanpedro.com.ar\/sitio\/wp-content\/uploads\/2018\/06\/comisaria_17.jpg","jetpack_shortlink":"https:\/\/wp.me\/p6RhLt-9jl","jetpack_sharing_enabled":true,"_links":{"self":[{"href":"https:\/\/eldiariodesanpedro.com.ar\/sitio\/wp-json\/wp\/v2\/posts\/35795","targetHints":{"allow":["GET"]}}],"collection":[{"href":"https:\/\/eldiariodesanpedro.com.ar\/sitio\/wp-json\/wp\/v2\/posts"}],"about":[{"href":"https:\/\/eldiariodesanpedro.com.ar\/sitio\/wp-json\/wp\/v2\/types\/post"}],"author":[{"embeddable":true,"href":"https:\/\/eldiariodesanpedro.com.ar\/sitio\/wp-json\/wp\/v2\/users\/4"}],"replies":[{"embeddable":true,"href":"https:\/\/eldiariodesanpedro.com.ar\/sitio\/wp-json\/wp\/v2\/comments?post=35795"}],"version-history":[{"count":1,"href":"https:\/\/eldiariodesanpedro.com.ar\/sitio\/wp-json\/wp\/v2\/posts\/35795\/revisions"}],"predecessor-version":[{"id":35796,"href":"https:\/\/eldiariodesanpedro.com.ar\/sitio\/wp-json\/wp\/v2\/posts\/35795\/revisions\/35796"}],"wp:featuredmedia":[{"embeddable":true,"href":"https:\/\/eldiariodesanpedro.com.ar\/sitio\/wp-json\/wp\/v2\/media\/34429"}],"wp:attachment":[{"href":"https:\/\/eldiariodesanpedro.com.ar\/sitio\/wp-json\/wp\/v2\/media?parent=35795"}],"wp:term":[{"taxonomy":"category","embeddable":true,"href":"https:\/\/eldiariodesanpedro.com.ar\/sitio\/wp-json\/wp\/v2\/categories?post=35795"},{"taxonomy":"post_tag","embeddable":true,"href":"https:\/\/eldiariodesanpedro.com.ar\/sitio\/wp-json\/wp\/v2\/tags?post=35795"}],"curies":[{"name":"wp","href":"https:\/\/api.w.org\/{rel}","templated":true}]}}