{"id":35786,"date":"2018-07-02T20:46:40","date_gmt":"2018-07-02T23:46:40","guid":{"rendered":"https:\/\/eldiariodesanpedro.com.ar\/sitio\/?p=35786"},"modified":"2018-07-02T20:46:40","modified_gmt":"2018-07-02T23:46:40","slug":"se-realizara-un-corte-de-energia-programado","status":"publish","type":"post","link":"https:\/\/eldiariodesanpedro.com.ar\/sitio\/se-realizara-un-corte-de-energia-programado\/","title":{"rendered":"Se realizar\u00e1 un corte de energ\u00eda programado"},"content":{"rendered":"<p><!-- VideographyWP Plugin Message: Automatic video embedding prevented by plugin options. --><br \/>\nCOOPSER informa que este martes 3 de julio se cumplir\u00e1n tareas de mantenimiento en el Alimentador 4 que requieren un corte del servicio el\u00e9ctrico en la siguiente zona:<\/p>\n<p><em>Casella, entre Callej\u00f3n Coronato y Callej\u00f3n Los dos Pinos y, Bozzano, entre Mateo Sbert y Callej\u00f3n Coronato. <\/em><\/p>\n<p>  Los trabajos se extender\u00e1n de <strong>8 a 12<\/strong> y en caso de lluvia ser\u00e1n reprogramados.<\/p>\n","protected":false},"excerpt":{"rendered":"<p>COOPSER informa que este martes 3 de julio se cumplir\u00e1n tareas de mantenimiento en el Alimentador 4 que requieren un corte del servicio el\u00e9ctrico en la siguiente zona: Casella, entre Callej\u00f3n Coronato y Callej\u00f3n Los dos Pinos y, Bozzano, entre Mateo Sbert y Callej\u00f3n Coronato. Los trabajos se extender\u00e1n de 8 a 12 y en [&hellip;]<\/p>\n","protected":false},"author":4,"featured_media":27509,"comment_status":"open","ping_status":"closed","sticky":false,"template":"","format":"standard","meta":{"om_disable_all_campaigns":false,"_jetpack_memberships_contains_paid_content":false,"footnotes":""},"categories":[101,2],"tags":[],"class_list":["post-35786","post","type-post","status-publish","format-standard","has-post-thumbnail","hentry","category-interes-general-locales","category-locales"],"aioseo_notices":[],"gutentor_comment":0,"jetpack_featured_media_url":"https:\/\/eldiariodesanpedro.com.ar\/sitio\/wp-content\/uploads\/2018\/01\/Trabajos-de-Coopser.jpg","jetpack_shortlink":"https:\/\/wp.me\/p6RhLt-9jc","jetpack_sharing_enabled":true,"_links":{"self":[{"href":"https:\/\/eldiariodesanpedro.com.ar\/sitio\/wp-json\/wp\/v2\/posts\/35786","targetHints":{"allow":["GET"]}}],"collection":[{"href":"https:\/\/eldiariodesanpedro.com.ar\/sitio\/wp-json\/wp\/v2\/posts"}],"about":[{"href":"https:\/\/eldiariodesanpedro.com.ar\/sitio\/wp-json\/wp\/v2\/types\/post"}],"author":[{"embeddable":true,"href":"https:\/\/eldiariodesanpedro.com.ar\/sitio\/wp-json\/wp\/v2\/users\/4"}],"replies":[{"embeddable":true,"href":"https:\/\/eldiariodesanpedro.com.ar\/sitio\/wp-json\/wp\/v2\/comments?post=35786"}],"version-history":[{"count":1,"href":"https:\/\/eldiariodesanpedro.com.ar\/sitio\/wp-json\/wp\/v2\/posts\/35786\/revisions"}],"predecessor-version":[{"id":35789,"href":"https:\/\/eldiariodesanpedro.com.ar\/sitio\/wp-json\/wp\/v2\/posts\/35786\/revisions\/35789"}],"wp:featuredmedia":[{"embeddable":true,"href":"https:\/\/eldiariodesanpedro.com.ar\/sitio\/wp-json\/wp\/v2\/media\/27509"}],"wp:attachment":[{"href":"https:\/\/eldiariodesanpedro.com.ar\/sitio\/wp-json\/wp\/v2\/media?parent=35786"}],"wp:term":[{"taxonomy":"category","embeddable":true,"href":"https:\/\/eldiariodesanpedro.com.ar\/sitio\/wp-json\/wp\/v2\/categories?post=35786"},{"taxonomy":"post_tag","embeddable":true,"href":"https:\/\/eldiariodesanpedro.com.ar\/sitio\/wp-json\/wp\/v2\/tags?post=35786"}],"curies":[{"name":"wp","href":"https:\/\/api.w.org\/{rel}","templated":true}]}}