{"id":35772,"date":"2018-07-02T20:29:24","date_gmt":"2018-07-02T23:29:24","guid":{"rendered":"https:\/\/eldiariodesanpedro.com.ar\/sitio\/?p=35772"},"modified":"2018-07-02T20:29:24","modified_gmt":"2018-07-02T23:29:24","slug":"charla-sobre-alimentacion-saludable-en-la-escuela-502","status":"publish","type":"post","link":"https:\/\/eldiariodesanpedro.com.ar\/sitio\/charla-sobre-alimentacion-saludable-en-la-escuela-502\/","title":{"rendered":"Charla sobre Alimentaci\u00f3n Saludable en la Escuela 502"},"content":{"rendered":"<p><!-- VideographyWP Plugin Message: Automatic video embedding prevented by plugin options. --><br \/>\nContinuando con la habitual propuesta de campa\u00f1as de prevenci\u00f3n de la salud y difusi\u00f3n buenos h\u00e1bitos alimentarios y sanitarios, se ofreci\u00f3 recientemente una charla en la ESCUELA ESPECIAL N\u00b0 502 a cargo de la Licenciada en Nutrici\u00f3n y Trabajadora Social de la Secretar\u00eda de Desarrollo Humano, Licenciada Macarena Ansaloni. En este caso el tema tratado fue la alimentaci\u00f3n saludable, compartiendo con los ni\u00f1os diferentes consejos y ejemplos did\u00e1cticos para trasladar su sus h\u00e1bitos cotidianos.<\/p>\n","protected":false},"excerpt":{"rendered":"<p>Continuando con la habitual propuesta de campa\u00f1as de prevenci\u00f3n de la salud y difusi\u00f3n buenos h\u00e1bitos alimentarios y sanitarios, se ofreci\u00f3 recientemente una charla en la ESCUELA ESPECIAL N\u00b0 502 a cargo de la Licenciada en Nutrici\u00f3n y Trabajadora Social de la Secretar\u00eda de Desarrollo Humano, Licenciada Macarena Ansaloni. En este caso el tema tratado [&hellip;]<\/p>\n","protected":false},"author":4,"featured_media":35774,"comment_status":"open","ping_status":"closed","sticky":false,"template":"","format":"standard","meta":{"om_disable_all_campaigns":false,"_jetpack_memberships_contains_paid_content":false,"footnotes":""},"categories":[101,2],"tags":[],"class_list":["post-35772","post","type-post","status-publish","format-standard","has-post-thumbnail","hentry","category-interes-general-locales","category-locales"],"aioseo_notices":[],"gutentor_comment":0,"jetpack_featured_media_url":"https:\/\/eldiariodesanpedro.com.ar\/sitio\/wp-content\/uploads\/2018\/07\/pastedImage-1.png","jetpack_shortlink":"https:\/\/wp.me\/p6RhLt-9iY","jetpack_sharing_enabled":true,"_links":{"self":[{"href":"https:\/\/eldiariodesanpedro.com.ar\/sitio\/wp-json\/wp\/v2\/posts\/35772","targetHints":{"allow":["GET"]}}],"collection":[{"href":"https:\/\/eldiariodesanpedro.com.ar\/sitio\/wp-json\/wp\/v2\/posts"}],"about":[{"href":"https:\/\/eldiariodesanpedro.com.ar\/sitio\/wp-json\/wp\/v2\/types\/post"}],"author":[{"embeddable":true,"href":"https:\/\/eldiariodesanpedro.com.ar\/sitio\/wp-json\/wp\/v2\/users\/4"}],"replies":[{"embeddable":true,"href":"https:\/\/eldiariodesanpedro.com.ar\/sitio\/wp-json\/wp\/v2\/comments?post=35772"}],"version-history":[{"count":1,"href":"https:\/\/eldiariodesanpedro.com.ar\/sitio\/wp-json\/wp\/v2\/posts\/35772\/revisions"}],"predecessor-version":[{"id":35775,"href":"https:\/\/eldiariodesanpedro.com.ar\/sitio\/wp-json\/wp\/v2\/posts\/35772\/revisions\/35775"}],"wp:featuredmedia":[{"embeddable":true,"href":"https:\/\/eldiariodesanpedro.com.ar\/sitio\/wp-json\/wp\/v2\/media\/35774"}],"wp:attachment":[{"href":"https:\/\/eldiariodesanpedro.com.ar\/sitio\/wp-json\/wp\/v2\/media?parent=35772"}],"wp:term":[{"taxonomy":"category","embeddable":true,"href":"https:\/\/eldiariodesanpedro.com.ar\/sitio\/wp-json\/wp\/v2\/categories?post=35772"},{"taxonomy":"post_tag","embeddable":true,"href":"https:\/\/eldiariodesanpedro.com.ar\/sitio\/wp-json\/wp\/v2\/tags?post=35772"}],"curies":[{"name":"wp","href":"https:\/\/api.w.org\/{rel}","templated":true}]}}