{"id":3577,"date":"2016-04-22T21:52:48","date_gmt":"2016-04-23T00:52:48","guid":{"rendered":"https:\/\/eldiariodesanpedro.com.ar\/sitio\/?p=3577"},"modified":"2016-04-22T22:24:11","modified_gmt":"2016-04-23T01:24:11","slug":"el-bebe-accidentado-permanece-estable","status":"publish","type":"post","link":"https:\/\/eldiariodesanpedro.com.ar\/sitio\/el-bebe-accidentado-permanece-estable\/","title":{"rendered":"El beb\u00e9 accidentado permanece estable"},"content":{"rendered":"<p><!-- VideographyWP Plugin Message: Automatic video embedding prevented by plugin options. --><br \/>\nEl ni\u00f1o de tan solo 6 meses de edad fue derivado Hospital \u00bb Sor Ludovica\u00bb de La Plata, all\u00ed permanece interando junto a sus padres. El mismo result\u00f3 gravemente lesionando ayer en un accidente de tr\u00e1nsito ocurrido en Casella y 11 de Septiembre,<br \/>\nSu abuela manifest\u00f3 hoy a nuestro medio que \u00abest\u00e1 consiente\u00bb y que se alimenta bien. Y agreg\u00f3 que los m\u00e9dicos explicaron a los padres que \u00abla lesi\u00f3n que tiene en el cr\u00e1neo se va a ir sellando solita ya que el es muy chiquito y los huesitos est\u00e1n en pleno desarrollo\u00bb.<br \/>\nEn tanto que agreg\u00f3: \u00abEl co\u00e1gulo por ahora no es operable le est\u00e1n pasando medicaci\u00f3n por el suero para ver si lo pueden disolver\u00bb.<\/p>\n","protected":false},"excerpt":{"rendered":"<p>El ni\u00f1o de tan solo 6 meses de edad fue derivado Hospital \u00bb Sor Ludovica\u00bb de La Plata, all\u00ed permanece interando junto a sus padres. El mismo result\u00f3 gravemente lesionando ayer en un accidente de tr\u00e1nsito ocurrido en Casella y 11 de Septiembre, Su abuela manifest\u00f3 hoy a nuestro medio que \u00abest\u00e1 consiente\u00bb y que [&hellip;]<\/p>\n","protected":false},"author":4,"featured_media":3578,"comment_status":"open","ping_status":"closed","sticky":false,"template":"","format":"standard","meta":{"om_disable_all_campaigns":false,"_jetpack_memberships_contains_paid_content":false,"footnotes":""},"categories":[50,101,2],"tags":[],"class_list":["post-3577","post","type-post","status-publish","format-standard","has-post-thumbnail","hentry","category-destacadas","category-interes-general-locales","category-locales"],"aioseo_notices":[],"gutentor_comment":0,"jetpack_featured_media_url":"https:\/\/eldiariodesanpedro.com.ar\/sitio\/wp-content\/uploads\/2016\/04\/PAGINA-5-13.jpg","jetpack_shortlink":"https:\/\/wp.me\/p6RhLt-VH","jetpack_sharing_enabled":true,"_links":{"self":[{"href":"https:\/\/eldiariodesanpedro.com.ar\/sitio\/wp-json\/wp\/v2\/posts\/3577","targetHints":{"allow":["GET"]}}],"collection":[{"href":"https:\/\/eldiariodesanpedro.com.ar\/sitio\/wp-json\/wp\/v2\/posts"}],"about":[{"href":"https:\/\/eldiariodesanpedro.com.ar\/sitio\/wp-json\/wp\/v2\/types\/post"}],"author":[{"embeddable":true,"href":"https:\/\/eldiariodesanpedro.com.ar\/sitio\/wp-json\/wp\/v2\/users\/4"}],"replies":[{"embeddable":true,"href":"https:\/\/eldiariodesanpedro.com.ar\/sitio\/wp-json\/wp\/v2\/comments?post=3577"}],"version-history":[{"count":1,"href":"https:\/\/eldiariodesanpedro.com.ar\/sitio\/wp-json\/wp\/v2\/posts\/3577\/revisions"}],"predecessor-version":[{"id":3579,"href":"https:\/\/eldiariodesanpedro.com.ar\/sitio\/wp-json\/wp\/v2\/posts\/3577\/revisions\/3579"}],"wp:featuredmedia":[{"embeddable":true,"href":"https:\/\/eldiariodesanpedro.com.ar\/sitio\/wp-json\/wp\/v2\/media\/3578"}],"wp:attachment":[{"href":"https:\/\/eldiariodesanpedro.com.ar\/sitio\/wp-json\/wp\/v2\/media?parent=3577"}],"wp:term":[{"taxonomy":"category","embeddable":true,"href":"https:\/\/eldiariodesanpedro.com.ar\/sitio\/wp-json\/wp\/v2\/categories?post=3577"},{"taxonomy":"post_tag","embeddable":true,"href":"https:\/\/eldiariodesanpedro.com.ar\/sitio\/wp-json\/wp\/v2\/tags?post=3577"}],"curies":[{"name":"wp","href":"https:\/\/api.w.org\/{rel}","templated":true}]}}