{"id":35758,"date":"2018-07-02T20:25:39","date_gmt":"2018-07-02T23:25:39","guid":{"rendered":"https:\/\/eldiariodesanpedro.com.ar\/sitio\/?p=35758"},"modified":"2018-07-02T20:25:39","modified_gmt":"2018-07-02T23:25:39","slug":"la-sociedad-rural-de-san-pedro-envio-un-comunicado-a-los-medios","status":"publish","type":"post","link":"https:\/\/eldiariodesanpedro.com.ar\/sitio\/la-sociedad-rural-de-san-pedro-envio-un-comunicado-a-los-medios\/","title":{"rendered":"La Sociedad Rural de San Pedro envi\u00f3 un comunicado a los medios"},"content":{"rendered":"<p><!-- VideographyWP Plugin Message: Automatic video embedding prevented by plugin options. --><br \/>\nHacia donde vamos&#8230; Algunas frases que son parte de la Historia Argentina vuelven a instalarse con un significado adaptado a los tiempos y a los pol\u00edticos que asumen la responsabilidad de conducir los destinos del pa\u00eds. <\/p>\n<p>Estamos atravesando \u00e9pocas de vacas flacas y sufriendo las consecuencias de una d\u00e9cada \u00abdinamitada\u00bb. Ni el gobierno se anim\u00f3 a predecir lo que claramente sab\u00edan que iba a ocurrir, despu\u00e9s de a\u00f1os en los que muchos olvidaron que se pueden dejar de pagar muchas cosas, menos las consecuencias.<\/p>\n<p>Despu\u00e9s de tantos a\u00f1os de mentiras y de una pol\u00edtica relatada de una forma y ejecutada de otra, nos estamos enfrentando a la verdad que se debi\u00f3 exponer con tiempo.<\/p>\n<p>Aquellos supuestos \u00e9xitos del 2003 con una devaluaci\u00f3n comparable al Rodrigazo, comodities a valores hist\u00f3ricos y otros delirios, nos llevaron al fondo del mar pero con canto de sirenas.<\/p>\n<p>D\u00f3lares de diferente precio dependiendo su uso, cepo y corrales variados que s\u00f3lo parec\u00edan preocuparnos a algunos;.todo eso nos trajo hasta aqu\u00ed. <\/p>\n<p>Nos encontramos ante la necesidad de que se consoliden las transformaciones para comenzar a revertir todos los desaciertos.  Todos debemos hacer un esfuerzo, algunos sectores ya lo hicimos, y ahora es tiempo de que la pol\u00edtica los asuma y concrete.<\/p>\n<p>No se puede mirar para otro lado cuando un movimiento social que dice proteger a los que menos tienen gasta millones en carteleras para promocionar un Paro General y encubre a delincuentes disfrazados de dirigentes que deber\u00edan estar presos.<\/p>\n<p>El pueblo realmente sufre angustias y penurias, pero desde quienes construyeron esta bomba de tiempo, se intenta enfrentar esas necesidades con sectores como el nuestro que produce y genera ingresos que luego \u00abla pol\u00edtica\u00bb elige c\u00f3mo destinar.<\/p>\n<p>Seguimos llamando la atenci\u00f3n a nuestros dirigentes, por generaciones que se enquistan en el poder en todos los niveles. Legisladores cargados de asesores que son PYMES productoras de humo con sueldos, y gastos que no tienen, quienes realmente movilizan al pa\u00eds todos los d\u00edas desde sus trabajos o empresas.<\/p>\n<p>La verg\u00fcenza ha pasado de moda y la hipocres\u00eda desborda. Han transcurrido m\u00e1s de cincuenta a\u00f1os en los que las verdaderas transformaciones no llegan, por inoperancia o por inter\u00e9s. <\/p>\n<p>Un pa\u00eds en el que millones de habitantes no tienen agua corriente o cloacas, en el que conectarse a la energ\u00eda el\u00e9ctrica con picard\u00eda delictiva termina siendo simp\u00e1tico o progresista, en el que los traficantes de la pobreza y el analfabetismo son im\u00e1genes religiosas para los empoderados de puestos en el Estado, tiene pocas posibilidades de cambiar su trayecto. <\/p>\n<p>Seguimos pensando que somos del Primer Mundo porque unos cuantos cobran sueldos de esa escala, gracias al esfuerzo de muchos m\u00e1s. Estamos mal y no sabemos exactamente cuanto peor nos puede ir si este c\u00f3ctel de inoperancia, falta de actitud y trampas pol\u00edticas termina por enfermarnos a todos.<\/p>\n<p>Los sectores que les hemos entregado divisas a diferentes gobiernos a trav\u00e9s de los \u00faltimos a\u00f1os creemos que nuevamente debemos defendernos y alzar nuestras voces a favor de salvar a la Argentina, y no de seguir cavando en el fondo del mar pensando que un milagro nos har\u00e1 salir.<\/p>\n","protected":false},"excerpt":{"rendered":"<p>Hacia donde vamos&#8230; Algunas frases que son parte de la Historia Argentina vuelven a instalarse con un significado adaptado a los tiempos y a los pol\u00edticos que asumen la responsabilidad de conducir los destinos del pa\u00eds. Estamos atravesando \u00e9pocas de vacas flacas y sufriendo las consecuencias de una d\u00e9cada \u00abdinamitada\u00bb. Ni el gobierno se anim\u00f3 [&hellip;]<\/p>\n","protected":false},"author":4,"featured_media":35770,"comment_status":"open","ping_status":"closed","sticky":false,"template":"","format":"standard","meta":{"om_disable_all_campaigns":false,"_jetpack_memberships_contains_paid_content":false,"footnotes":""},"categories":[101,2],"tags":[],"class_list":["post-35758","post","type-post","status-publish","format-standard","has-post-thumbnail","hentry","category-interes-general-locales","category-locales"],"aioseo_notices":[],"gutentor_comment":0,"jetpack_featured_media_url":"https:\/\/eldiariodesanpedro.com.ar\/sitio\/wp-content\/uploads\/2018\/07\/29027679_1581777761941089_4345085952276824064_o.jpg","jetpack_shortlink":"https:\/\/wp.me\/p6RhLt-9iK","jetpack_sharing_enabled":true,"_links":{"self":[{"href":"https:\/\/eldiariodesanpedro.com.ar\/sitio\/wp-json\/wp\/v2\/posts\/35758","targetHints":{"allow":["GET"]}}],"collection":[{"href":"https:\/\/eldiariodesanpedro.com.ar\/sitio\/wp-json\/wp\/v2\/posts"}],"about":[{"href":"https:\/\/eldiariodesanpedro.com.ar\/sitio\/wp-json\/wp\/v2\/types\/post"}],"author":[{"embeddable":true,"href":"https:\/\/eldiariodesanpedro.com.ar\/sitio\/wp-json\/wp\/v2\/users\/4"}],"replies":[{"embeddable":true,"href":"https:\/\/eldiariodesanpedro.com.ar\/sitio\/wp-json\/wp\/v2\/comments?post=35758"}],"version-history":[{"count":1,"href":"https:\/\/eldiariodesanpedro.com.ar\/sitio\/wp-json\/wp\/v2\/posts\/35758\/revisions"}],"predecessor-version":[{"id":35771,"href":"https:\/\/eldiariodesanpedro.com.ar\/sitio\/wp-json\/wp\/v2\/posts\/35758\/revisions\/35771"}],"wp:featuredmedia":[{"embeddable":true,"href":"https:\/\/eldiariodesanpedro.com.ar\/sitio\/wp-json\/wp\/v2\/media\/35770"}],"wp:attachment":[{"href":"https:\/\/eldiariodesanpedro.com.ar\/sitio\/wp-json\/wp\/v2\/media?parent=35758"}],"wp:term":[{"taxonomy":"category","embeddable":true,"href":"https:\/\/eldiariodesanpedro.com.ar\/sitio\/wp-json\/wp\/v2\/categories?post=35758"},{"taxonomy":"post_tag","embeddable":true,"href":"https:\/\/eldiariodesanpedro.com.ar\/sitio\/wp-json\/wp\/v2\/tags?post=35758"}],"curies":[{"name":"wp","href":"https:\/\/api.w.org\/{rel}","templated":true}]}}