{"id":35754,"date":"2018-07-02T20:15:33","date_gmt":"2018-07-02T23:15:33","guid":{"rendered":"https:\/\/eldiariodesanpedro.com.ar\/sitio\/?p=35754"},"modified":"2018-07-02T20:15:33","modified_gmt":"2018-07-02T23:15:33","slug":"biosolarizacion-sanidad-responsable-en-cultivos-intensivos","status":"publish","type":"post","link":"https:\/\/eldiariodesanpedro.com.ar\/sitio\/biosolarizacion-sanidad-responsable-en-cultivos-intensivos\/","title":{"rendered":"Biosolarizaci\u00f3n, sanidad responsable en cultivos intensivos"},"content":{"rendered":"<p><!-- VideographyWP Plugin Message: Automatic video embedding prevented by plugin options. --><br \/>\n15 a\u00f1os de investigaci\u00f3n y productores que la implementaron, es una t\u00e9cnica que busca aportar sanidad a los cultivos tratando el suelo s\u00f3lo con energ\u00eda solar y enmiendas org\u00e1nicas como biofumigantes. Ya es momento de multiplicarla y esta capacitaci\u00f3n propone planificarla en casos concretos de los participantes. <\/p>\n<p>  El evento est\u00e1 destinado a horticultores, profesionales y estudiantes que se especialicen en horticultura. La biosolarizaci\u00f3n es una pr\u00e1ctica que permite manejar la sanidad del cultivo a trav\u00e9s del uso combinado de la energ\u00eda solar y los gases que emanan de la descomposici\u00f3n de la materia org\u00e1nica. Es una t\u00e9cnica que permite minimizar el uso de plaguicidas y reciclar los residuos de cosecha aprovechando los nutrientes. Los efectos ben\u00e9ficos del aporte de materia org\u00e1nica al suelo, redunda en su calidad y la de los cultivos. Su implementaci\u00f3n requiere de una correcta planificaci\u00f3n del uso de los lotes y del material biofumigante.<\/p>\n<p><strong>Partir de un caso real y que el INTA acompa\u00f1e en la implementaci\u00f3n <\/strong><br \/>\n  El curso es una oportunidad para aquellos que quieren innovar en sus pr\u00e1cticas hort\u00edcolas, en la b\u00fasqueda de la alta eficiencia productiva, con la posibilidad de hacerlo con el acompa\u00f1amiento del INTA. Para ello se los invita a partir de un an\u00e1lisis de la poblaci\u00f3n de microorganismos del suelo, y conocer las limitantes que afectan a sus cultivos, para compartir en el taller que propone el encuentro junto a quienes vienen implementando la biofumigaci\u00f3n desde hace a\u00f1os. Si est\u00e1s interesado en esta opci\u00f3n, pod\u00e9s escribir a mitidieri.mariel@inta.gob.ar para que te explique c\u00f3mo hacerlo. <\/p>\n","protected":false},"excerpt":{"rendered":"<p>15 a\u00f1os de investigaci\u00f3n y productores que la implementaron, es una t\u00e9cnica que busca aportar sanidad a los cultivos tratando el suelo s\u00f3lo con energ\u00eda solar y enmiendas org\u00e1nicas como biofumigantes. Ya es momento de multiplicarla y esta capacitaci\u00f3n propone planificarla en casos concretos de los participantes. El evento est\u00e1 destinado a horticultores, profesionales y [&hellip;]<\/p>\n","protected":false},"author":4,"featured_media":35757,"comment_status":"open","ping_status":"closed","sticky":false,"template":"","format":"standard","meta":{"om_disable_all_campaigns":false,"_jetpack_memberships_contains_paid_content":false,"footnotes":""},"categories":[101,2],"tags":[],"class_list":["post-35754","post","type-post","status-publish","format-standard","has-post-thumbnail","hentry","category-interes-general-locales","category-locales"],"aioseo_notices":[],"gutentor_comment":0,"jetpack_featured_media_url":"https:\/\/eldiariodesanpedro.com.ar\/sitio\/wp-content\/uploads\/2018\/07\/biosolarizacion.jpg","jetpack_shortlink":"https:\/\/wp.me\/p6RhLt-9iG","jetpack_sharing_enabled":true,"_links":{"self":[{"href":"https:\/\/eldiariodesanpedro.com.ar\/sitio\/wp-json\/wp\/v2\/posts\/35754","targetHints":{"allow":["GET"]}}],"collection":[{"href":"https:\/\/eldiariodesanpedro.com.ar\/sitio\/wp-json\/wp\/v2\/posts"}],"about":[{"href":"https:\/\/eldiariodesanpedro.com.ar\/sitio\/wp-json\/wp\/v2\/types\/post"}],"author":[{"embeddable":true,"href":"https:\/\/eldiariodesanpedro.com.ar\/sitio\/wp-json\/wp\/v2\/users\/4"}],"replies":[{"embeddable":true,"href":"https:\/\/eldiariodesanpedro.com.ar\/sitio\/wp-json\/wp\/v2\/comments?post=35754"}],"version-history":[{"count":1,"href":"https:\/\/eldiariodesanpedro.com.ar\/sitio\/wp-json\/wp\/v2\/posts\/35754\/revisions"}],"predecessor-version":[{"id":35759,"href":"https:\/\/eldiariodesanpedro.com.ar\/sitio\/wp-json\/wp\/v2\/posts\/35754\/revisions\/35759"}],"wp:featuredmedia":[{"embeddable":true,"href":"https:\/\/eldiariodesanpedro.com.ar\/sitio\/wp-json\/wp\/v2\/media\/35757"}],"wp:attachment":[{"href":"https:\/\/eldiariodesanpedro.com.ar\/sitio\/wp-json\/wp\/v2\/media?parent=35754"}],"wp:term":[{"taxonomy":"category","embeddable":true,"href":"https:\/\/eldiariodesanpedro.com.ar\/sitio\/wp-json\/wp\/v2\/categories?post=35754"},{"taxonomy":"post_tag","embeddable":true,"href":"https:\/\/eldiariodesanpedro.com.ar\/sitio\/wp-json\/wp\/v2\/tags?post=35754"}],"curies":[{"name":"wp","href":"https:\/\/api.w.org\/{rel}","templated":true}]}}