{"id":35747,"date":"2018-07-02T20:23:41","date_gmt":"2018-07-02T23:23:41","guid":{"rendered":"https:\/\/eldiariodesanpedro.com.ar\/sitio\/?p=35747"},"modified":"2018-07-02T21:23:38","modified_gmt":"2018-07-03T00:23:38","slug":"delincuentes-robaron-en-un-spa-de-estetica-y-moda","status":"publish","type":"post","link":"https:\/\/eldiariodesanpedro.com.ar\/sitio\/delincuentes-robaron-en-un-spa-de-estetica-y-moda\/","title":{"rendered":"Delincuentes robaron en un Spa de Est\u00e9tica y Moda"},"content":{"rendered":"<p><!-- VideographyWP Plugin Message: Automatic video embedding prevented by plugin options. --><br \/>\nEn la madrugada del domingo, delincuentes ingresaron al local de Spa Beatriz Caballero Est\u00e9tica y Moda, ubicado en Pellegrini al 1900, donde le sustrajeron herramientas de trabajo y gran cantidad de ropa.<\/p>\n<p>  Seg\u00fan nos contaba su propietaria, el s\u00e1bado al finalizar su jornada laboral, alrededor de las 20 hs, cerr\u00f3 su negocio normalmente. A la madrugada, cuando su hijo volv\u00eda de trabajar constat\u00f3 que la puerta de ingreso se encontraba abierta y sin violentar.<\/p>\n<p>  En el interior del local todo estaba revuelto y tirado, al parecer tiraban todo lo que ve\u00edan al paso. Lograron sustraer much\u00edsima ropa que ten\u00eda para la venta en la parte de boutique y las herramientas de trabajo en la parte de est\u00e9tica, como bucleras, secadores, cortadoras de pelo y planchitas.<\/p>\n","protected":false},"excerpt":{"rendered":"<p>En la madrugada del domingo, delincuentes ingresaron al local de Spa Beatriz Caballero Est\u00e9tica y Moda, ubicado en Pellegrini al 1900, donde le sustrajeron herramientas de trabajo y gran cantidad de ropa. Seg\u00fan nos contaba su propietaria, el s\u00e1bado al finalizar su jornada laboral, alrededor de las 20 hs, cerr\u00f3 su negocio normalmente. A la [&hellip;]<\/p>\n","protected":false},"author":4,"featured_media":35768,"comment_status":"open","ping_status":"closed","sticky":false,"template":"","format":"standard","meta":{"om_disable_all_campaigns":false,"_jetpack_memberships_contains_paid_content":false,"footnotes":""},"categories":[2,103],"tags":[],"class_list":["post-35747","post","type-post","status-publish","format-standard","has-post-thumbnail","hentry","category-locales","category-policiales-locales"],"aioseo_notices":[],"gutentor_comment":0,"jetpack_featured_media_url":"https:\/\/eldiariodesanpedro.com.ar\/sitio\/wp-content\/uploads\/2018\/07\/36501959_10209104836936369_7253467814617415680_n.png","jetpack_shortlink":"https:\/\/wp.me\/p6RhLt-9iz","jetpack_sharing_enabled":true,"_links":{"self":[{"href":"https:\/\/eldiariodesanpedro.com.ar\/sitio\/wp-json\/wp\/v2\/posts\/35747","targetHints":{"allow":["GET"]}}],"collection":[{"href":"https:\/\/eldiariodesanpedro.com.ar\/sitio\/wp-json\/wp\/v2\/posts"}],"about":[{"href":"https:\/\/eldiariodesanpedro.com.ar\/sitio\/wp-json\/wp\/v2\/types\/post"}],"author":[{"embeddable":true,"href":"https:\/\/eldiariodesanpedro.com.ar\/sitio\/wp-json\/wp\/v2\/users\/4"}],"replies":[{"embeddable":true,"href":"https:\/\/eldiariodesanpedro.com.ar\/sitio\/wp-json\/wp\/v2\/comments?post=35747"}],"version-history":[{"count":3,"href":"https:\/\/eldiariodesanpedro.com.ar\/sitio\/wp-json\/wp\/v2\/posts\/35747\/revisions"}],"predecessor-version":[{"id":35794,"href":"https:\/\/eldiariodesanpedro.com.ar\/sitio\/wp-json\/wp\/v2\/posts\/35747\/revisions\/35794"}],"wp:featuredmedia":[{"embeddable":true,"href":"https:\/\/eldiariodesanpedro.com.ar\/sitio\/wp-json\/wp\/v2\/media\/35768"}],"wp:attachment":[{"href":"https:\/\/eldiariodesanpedro.com.ar\/sitio\/wp-json\/wp\/v2\/media?parent=35747"}],"wp:term":[{"taxonomy":"category","embeddable":true,"href":"https:\/\/eldiariodesanpedro.com.ar\/sitio\/wp-json\/wp\/v2\/categories?post=35747"},{"taxonomy":"post_tag","embeddable":true,"href":"https:\/\/eldiariodesanpedro.com.ar\/sitio\/wp-json\/wp\/v2\/tags?post=35747"}],"curies":[{"name":"wp","href":"https:\/\/api.w.org\/{rel}","templated":true}]}}