{"id":35744,"date":"2018-07-02T17:45:31","date_gmt":"2018-07-02T20:45:31","guid":{"rendered":"https:\/\/eldiariodesanpedro.com.ar\/sitio\/?p=35744"},"modified":"2018-07-02T19:35:20","modified_gmt":"2018-07-02T22:35:20","slug":"otra-vez-motochorros-preocupa-la-ola-de-arrebatos-en-nuestra-ciudad","status":"publish","type":"post","link":"https:\/\/eldiariodesanpedro.com.ar\/sitio\/otra-vez-motochorros-preocupa-la-ola-de-arrebatos-en-nuestra-ciudad\/","title":{"rendered":"Otra vez motochorros, preocupa la ola de arrebatos en nuestra ciudad"},"content":{"rendered":"<p><!-- VideographyWP Plugin Message: Automatic video embedding prevented by plugin options. --><br \/>\nLa ola de arrebatos y asaltos en las calles de nuestra ciudad, no para y, lo preocupante, es que suceden a toda hora y en todos los puntos del territorio sampedrino, los hechos delictivos son cada vez m\u00e1s fuertes y los menores son protagonistas la mayor\u00eda de las veces.<\/p>\n<p>  En este caso, el hecho ocurri\u00f3 ayer al mediod\u00eda en la intersecci\u00f3n de las calles Aul\u00ed y Mitre, cuando una se\u00f1ora de 60 a\u00f1os aproximadamente, fue sorprendida por un delincuente que circulaba en una motocicleta 110 cc. color negra.<\/p>\n<p>  El malviviente se baj\u00f3 de la motocicleta y logr\u00f3 intimar a la v\u00edctima agredi\u00e9ndola f\u00edsicamente para robarle la cartera en la que llevaba documentaci\u00f3n, elementos personales y dinero en efectivo. Luego, se dio a la fuga r\u00e1pidamente.<\/p>\n<p>  La se\u00f1ora sufri\u00f3 una herida cortante en su lengua y p\u00e9rdida de una parte de la misma al caer y golpearse el ment\u00f3n contra el piso. Fue trasladada de urgencia por el servicio de ambulancia del SAME para luego de su observaci\u00f3n ser trasladada nuevamente a la Cl\u00ednica San Pedro para una intervenci\u00f3n quir\u00fargica.<\/p>\n","protected":false},"excerpt":{"rendered":"<p>La ola de arrebatos y asaltos en las calles de nuestra ciudad, no para y, lo preocupante, es que suceden a toda hora y en todos los puntos del territorio sampedrino, los hechos delictivos son cada vez m\u00e1s fuertes y los menores son protagonistas la mayor\u00eda de las veces. En este caso, el hecho ocurri\u00f3 [&hellip;]<\/p>\n","protected":false},"author":4,"featured_media":12495,"comment_status":"open","ping_status":"closed","sticky":false,"template":"","format":"standard","meta":{"om_disable_all_campaigns":false,"_jetpack_memberships_contains_paid_content":false,"footnotes":""},"categories":[50,2,103],"tags":[],"class_list":["post-35744","post","type-post","status-publish","format-standard","has-post-thumbnail","hentry","category-destacadas","category-locales","category-policiales-locales"],"aioseo_notices":[],"gutentor_comment":0,"jetpack_featured_media_url":"https:\/\/eldiariodesanpedro.com.ar\/sitio\/wp-content\/uploads\/2017\/01\/motochorro-1.jpg","jetpack_shortlink":"https:\/\/wp.me\/p6RhLt-9iw","jetpack_sharing_enabled":true,"_links":{"self":[{"href":"https:\/\/eldiariodesanpedro.com.ar\/sitio\/wp-json\/wp\/v2\/posts\/35744","targetHints":{"allow":["GET"]}}],"collection":[{"href":"https:\/\/eldiariodesanpedro.com.ar\/sitio\/wp-json\/wp\/v2\/posts"}],"about":[{"href":"https:\/\/eldiariodesanpedro.com.ar\/sitio\/wp-json\/wp\/v2\/types\/post"}],"author":[{"embeddable":true,"href":"https:\/\/eldiariodesanpedro.com.ar\/sitio\/wp-json\/wp\/v2\/users\/4"}],"replies":[{"embeddable":true,"href":"https:\/\/eldiariodesanpedro.com.ar\/sitio\/wp-json\/wp\/v2\/comments?post=35744"}],"version-history":[{"count":2,"href":"https:\/\/eldiariodesanpedro.com.ar\/sitio\/wp-json\/wp\/v2\/posts\/35744\/revisions"}],"predecessor-version":[{"id":35746,"href":"https:\/\/eldiariodesanpedro.com.ar\/sitio\/wp-json\/wp\/v2\/posts\/35744\/revisions\/35746"}],"wp:featuredmedia":[{"embeddable":true,"href":"https:\/\/eldiariodesanpedro.com.ar\/sitio\/wp-json\/wp\/v2\/media\/12495"}],"wp:attachment":[{"href":"https:\/\/eldiariodesanpedro.com.ar\/sitio\/wp-json\/wp\/v2\/media?parent=35744"}],"wp:term":[{"taxonomy":"category","embeddable":true,"href":"https:\/\/eldiariodesanpedro.com.ar\/sitio\/wp-json\/wp\/v2\/categories?post=35744"},{"taxonomy":"post_tag","embeddable":true,"href":"https:\/\/eldiariodesanpedro.com.ar\/sitio\/wp-json\/wp\/v2\/tags?post=35744"}],"curies":[{"name":"wp","href":"https:\/\/api.w.org\/{rel}","templated":true}]}}