{"id":35741,"date":"2018-07-02T12:51:01","date_gmt":"2018-07-02T15:51:01","guid":{"rendered":"https:\/\/eldiariodesanpedro.com.ar\/sitio\/?p=35741"},"modified":"2018-07-02T20:55:29","modified_gmt":"2018-07-02T23:55:29","slug":"grave-accidente-de-transito-en-la-ruta-1001","status":"publish","type":"post","link":"https:\/\/eldiariodesanpedro.com.ar\/sitio\/grave-accidente-de-transito-en-la-ruta-1001\/","title":{"rendered":"Grave accidente de tr\u00e1nsito en la ruta 1001"},"content":{"rendered":"<p><!-- VideographyWP Plugin Message: Automatic video embedding prevented by plugin options. --><br \/>\nUn nuevo accidente de tr\u00e1nsito grave sobre la ruta 1001 en este caso el conductor del rodado de menor porte qued\u00f3 atrapado en el veh\u00edculo y fue rescatado con vida.<\/p>\n<p>En la ma\u00f1ana de este lunes alrededor de las 10:40 hs ocurri\u00f3 un grav\u00edsimo accidente de tr\u00e1nsito sobre la ruta 1001 en cercan\u00edas al cruce con Crucero General Belgrano entre una camioneta Volkswagen Saveiro color blanca perteneciente a la empresa Serviexport en la que viajaba Julian Azcurra de 27 a\u00f1os de edad en direcci\u00f3n saliendo de la ciudad y un cami\u00f3n Iveco perteneciente a Obras P\u00fablicas de la Municipalidad cargado de tierra que venia desde la tosquera entrando a la ciudad en el que circulaba el empleado Juan Ariel Franco.<\/p>\n<p>Se trata de establecer c\u00f3mo ocurri\u00f3 el accidente, teniendo en cuenta que la camioneta fue la que llev\u00f3 la peor parte del mismo quedando el conductor atrapado en la cabina siendo rescatado por bomberos voluntarios.<\/p>\n<p>El joven que se encontraba consciente al momento de ser rescatado fue trasladado de urgencia por el servicio del SAME y presentaba graves heridas en sus piernas. Por su parte el chofer del camion tambien fue derivado hasta la Guardia del nosocomio por presentar golpes en sus rodillas. Al momento de la llegada del joven al hospital local se encontraba inconsciente y tras estudios se pudo constatar que presentaba una fractura expuesta en una de sus piernas y ademas un traumatismo de craneo.<\/p>\n<p>La familia de Azcurra solicito al nosocomio local el traslado a un centro de mayor complejidad teniendo en cuenta la gravedad de la lesiones en sus piernas. <\/p>\n<p>En el lugar estuvieron trabajando efectivos policiales, una dotaci\u00f3n de Bomberos Voluntarios a cargo de Rom\u00e1n Montenegro y los m\u00f3viles de Inspecci\u00f3n<br \/>\nquienes cortaron el tr\u00e1nsito hasta despejar el camino.<\/p>\n<p>Horas mas tarde a trav\u00e9s de la red Social Facebook la madre del herido, Silvia Mase realizo una publicaci\u00f3n donde solicito que sin alguien encuentra la billetera de su hijo que se comuniquen telef\u00f3nicamente con ella.<\/p>\n<p>Asegurando que la billetera desapareci\u00f3 del lugar del accidente y en la misma se encontraban sy documentaci\u00f3n la que es necesaria para el traslado del joven. <\/p>\n<p>Horas mas tarde se supo que la billetera fue encontrada entre sus prendas en el nosocomio local.<\/p>\n<p><iframe data-src=\"https:\/\/www.facebook.com\/plugins\/post.php?href=https%3A%2F%2Fwww.facebook.com%2Feldiario.desanpedro%2Fposts%2F798988713643603&#038;width=500\" width=\"500\" height=\"669\" style=\"border:none;overflow:hidden\" scrolling=\"no\" frameborder=\"0\" allowTransparency=\"true\" allow=\"encrypted-media\" src=\"data:image\/svg+xml;base64,PHN2ZyB3aWR0aD0iMSIgaGVpZ2h0PSIxIiB4bWxucz0iaHR0cDovL3d3dy53My5vcmcvMjAwMC9zdmciPjwvc3ZnPg==\" class=\"lazyload\" data-load-mode=\"1\"><\/iframe><\/p>\n","protected":false},"excerpt":{"rendered":"<p>Un nuevo accidente de tr\u00e1nsito grave sobre la ruta 1001 en este caso el conductor del rodado de menor porte qued\u00f3 atrapado en el veh\u00edculo y fue rescatado con vida. En la ma\u00f1ana de este lunes alrededor de las 10:40 hs ocurri\u00f3 un grav\u00edsimo accidente de tr\u00e1nsito sobre la ruta 1001 en cercan\u00edas al cruce [&hellip;]<\/p>\n","protected":false},"author":4,"featured_media":35742,"comment_status":"open","ping_status":"closed","sticky":false,"template":"","format":"standard","meta":{"om_disable_all_campaigns":false,"_jetpack_memberships_contains_paid_content":false,"footnotes":""},"categories":[50,2,103],"tags":[],"class_list":["post-35741","post","type-post","status-publish","format-standard","has-post-thumbnail","hentry","category-destacadas","category-locales","category-policiales-locales"],"aioseo_notices":[],"gutentor_comment":0,"jetpack_featured_media_url":"https:\/\/eldiariodesanpedro.com.ar\/sitio\/wp-content\/uploads\/2018\/07\/choque.jpg","jetpack_shortlink":"https:\/\/wp.me\/p6RhLt-9it","jetpack_sharing_enabled":true,"_links":{"self":[{"href":"https:\/\/eldiariodesanpedro.com.ar\/sitio\/wp-json\/wp\/v2\/posts\/35741","targetHints":{"allow":["GET"]}}],"collection":[{"href":"https:\/\/eldiariodesanpedro.com.ar\/sitio\/wp-json\/wp\/v2\/posts"}],"about":[{"href":"https:\/\/eldiariodesanpedro.com.ar\/sitio\/wp-json\/wp\/v2\/types\/post"}],"author":[{"embeddable":true,"href":"https:\/\/eldiariodesanpedro.com.ar\/sitio\/wp-json\/wp\/v2\/users\/4"}],"replies":[{"embeddable":true,"href":"https:\/\/eldiariodesanpedro.com.ar\/sitio\/wp-json\/wp\/v2\/comments?post=35741"}],"version-history":[{"count":4,"href":"https:\/\/eldiariodesanpedro.com.ar\/sitio\/wp-json\/wp\/v2\/posts\/35741\/revisions"}],"predecessor-version":[{"id":35791,"href":"https:\/\/eldiariodesanpedro.com.ar\/sitio\/wp-json\/wp\/v2\/posts\/35741\/revisions\/35791"}],"wp:featuredmedia":[{"embeddable":true,"href":"https:\/\/eldiariodesanpedro.com.ar\/sitio\/wp-json\/wp\/v2\/media\/35742"}],"wp:attachment":[{"href":"https:\/\/eldiariodesanpedro.com.ar\/sitio\/wp-json\/wp\/v2\/media?parent=35741"}],"wp:term":[{"taxonomy":"category","embeddable":true,"href":"https:\/\/eldiariodesanpedro.com.ar\/sitio\/wp-json\/wp\/v2\/categories?post=35741"},{"taxonomy":"post_tag","embeddable":true,"href":"https:\/\/eldiariodesanpedro.com.ar\/sitio\/wp-json\/wp\/v2\/tags?post=35741"}],"curies":[{"name":"wp","href":"https:\/\/api.w.org\/{rel}","templated":true}]}}