{"id":35736,"date":"2018-07-02T10:27:32","date_gmt":"2018-07-02T13:27:32","guid":{"rendered":"https:\/\/eldiariodesanpedro.com.ar\/sitio\/?p=35736"},"modified":"2018-07-02T10:27:32","modified_gmt":"2018-07-02T13:27:32","slug":"zarate-se-incendio-por-completo-una-vivienda-durante-la-madrugada","status":"publish","type":"post","link":"https:\/\/eldiariodesanpedro.com.ar\/sitio\/zarate-se-incendio-por-completo-una-vivienda-durante-la-madrugada\/","title":{"rendered":"Z\u00c1RATE: Se incendi\u00f3 por completo una vivienda durante la madrugada"},"content":{"rendered":"<p><!-- VideographyWP Plugin Message: Automatic video embedding prevented by plugin options. --><br \/>\nEn la madrugada del s\u00e1bado, alrededor de las 3:30 hs, un llamado al cuartel de Bomberos Voluntarios de Z\u00e1rate alert\u00f3 sobre un importante incendio en una vivienda de calle Ituzaing\u00f3 al 2000.<\/p>\n<p>Debido a la gravedad del siniestro se decidi\u00f3 convocar dos dotaciones en los m\u00f3viles 16 y 44, adem\u00e1s de la ambulancia del SEMU que traslad\u00f3 al due\u00f1o de casa al Hospital Virgen del Carmen.<\/p>\n<p>Las p\u00e9rdidas, a pesar del esfuerzo de los servidores p\u00fablicos, fueron totales.<\/p>\n","protected":false},"excerpt":{"rendered":"<p>En la madrugada del s\u00e1bado, alrededor de las 3:30 hs, un llamado al cuartel de Bomberos Voluntarios de Z\u00e1rate alert\u00f3 sobre un importante incendio en una vivienda de calle Ituzaing\u00f3 al 2000. Debido a la gravedad del siniestro se decidi\u00f3 convocar dos dotaciones en los m\u00f3viles 16 y 44, adem\u00e1s de la ambulancia del SEMU [&hellip;]<\/p>\n","protected":false},"author":4,"featured_media":35737,"comment_status":"open","ping_status":"closed","sticky":false,"template":"","format":"standard","meta":{"om_disable_all_campaigns":false,"_jetpack_memberships_contains_paid_content":false,"footnotes":""},"categories":[621],"tags":[],"class_list":["post-35736","post","type-post","status-publish","format-standard","has-post-thumbnail","hentry","category-regionales"],"aioseo_notices":[],"gutentor_comment":0,"jetpack_featured_media_url":"https:\/\/eldiariodesanpedro.com.ar\/sitio\/wp-content\/uploads\/2018\/07\/Incendio-2-2.jpg","jetpack_shortlink":"https:\/\/wp.me\/p6RhLt-9io","jetpack_sharing_enabled":true,"_links":{"self":[{"href":"https:\/\/eldiariodesanpedro.com.ar\/sitio\/wp-json\/wp\/v2\/posts\/35736","targetHints":{"allow":["GET"]}}],"collection":[{"href":"https:\/\/eldiariodesanpedro.com.ar\/sitio\/wp-json\/wp\/v2\/posts"}],"about":[{"href":"https:\/\/eldiariodesanpedro.com.ar\/sitio\/wp-json\/wp\/v2\/types\/post"}],"author":[{"embeddable":true,"href":"https:\/\/eldiariodesanpedro.com.ar\/sitio\/wp-json\/wp\/v2\/users\/4"}],"replies":[{"embeddable":true,"href":"https:\/\/eldiariodesanpedro.com.ar\/sitio\/wp-json\/wp\/v2\/comments?post=35736"}],"version-history":[{"count":1,"href":"https:\/\/eldiariodesanpedro.com.ar\/sitio\/wp-json\/wp\/v2\/posts\/35736\/revisions"}],"predecessor-version":[{"id":35738,"href":"https:\/\/eldiariodesanpedro.com.ar\/sitio\/wp-json\/wp\/v2\/posts\/35736\/revisions\/35738"}],"wp:featuredmedia":[{"embeddable":true,"href":"https:\/\/eldiariodesanpedro.com.ar\/sitio\/wp-json\/wp\/v2\/media\/35737"}],"wp:attachment":[{"href":"https:\/\/eldiariodesanpedro.com.ar\/sitio\/wp-json\/wp\/v2\/media?parent=35736"}],"wp:term":[{"taxonomy":"category","embeddable":true,"href":"https:\/\/eldiariodesanpedro.com.ar\/sitio\/wp-json\/wp\/v2\/categories?post=35736"},{"taxonomy":"post_tag","embeddable":true,"href":"https:\/\/eldiariodesanpedro.com.ar\/sitio\/wp-json\/wp\/v2\/tags?post=35736"}],"curies":[{"name":"wp","href":"https:\/\/api.w.org\/{rel}","templated":true}]}}