{"id":35733,"date":"2018-07-02T10:19:59","date_gmt":"2018-07-02T13:19:59","guid":{"rendered":"https:\/\/eldiariodesanpedro.com.ar\/sitio\/?p=35733"},"modified":"2018-07-02T10:19:59","modified_gmt":"2018-07-02T13:19:59","slug":"san-nicolas-detuvieron-a-los-presuntos-autores-del-homicidio-de-carmen-farias","status":"publish","type":"post","link":"https:\/\/eldiariodesanpedro.com.ar\/sitio\/san-nicolas-detuvieron-a-los-presuntos-autores-del-homicidio-de-carmen-farias\/","title":{"rendered":"SAN NICOL\u00c1S: Detuvieron a los presuntos autores del homicidio de Carmen Far\u00edas"},"content":{"rendered":"<p><!-- VideographyWP Plugin Message: Automatic video embedding prevented by plugin options. --><br \/>\nA principios de este a\u00f1o, sujetos desconocidos golpearon y le robaron a Carmen Far\u00edas, de 52 a\u00f1os, quien muri\u00f3 d\u00edas despu\u00e9s a causa de las heridas. Tras la investigaci\u00f3n desarrollada por personal de la DDI, se logr\u00f3 establecer la identidad de los presuntos autores, quienes fueron detenidos tras un allanamiento.<\/p>\n<p>Como public\u00f3 oportunamente nuestro medio, el pasado 26 de marzo de este a\u00f1o, dos sujetos desconocidos, quienes circulaban en una motocicleta, sorprendieron a Carmen Far\u00edas de 52 a\u00f1os y tras aplicarle numerosos golpes en la cabeza,  le sustrajeron la cartera. La mujer fue hospitalizada y pasados varios d\u00edas de pelear por su vida finalmente falleci\u00f3.<\/p>\n<p>Grupos Operativos de la DDI I San Nicol\u00e1s,  bajo las directivas impartidas por el Director de Investigaciones Comisario Mayor Ra\u00fal Santiago Hevia, en forma conjunta con personal de Comisar\u00eda Tercera San Nicol\u00e1s, tras tareas investigativas como as\u00ed relevamientos realizados en el lugar de los hechos, obtuvieron resultados netamente positivos respecto de la probable  identidad de los autores de este homicidio.<\/p>\n<p>Allanamientos<br \/>\nSe realizaron dos allanamientos en calle Liszt a la altura del 1800 procedi\u00e9ndose a la aprehensi\u00f3n, de un sujeto de 33 a\u00f1os, y una mujer de 42 a\u00f1os. Asimismo se procedi\u00f3 tambi\u00e9n al secuestro de un celular, un casco y una motocicleta.<br \/>\nInteriorizado el Agente Fiscal de injerencia Dr. Mariezcurrena, aval\u00f3 lo actuado y dispuso que se notifique a los aprehendidos del Art. 60 del C.P.P por el delito de \u201cHomicidio en ocasi\u00f3n de robo\u201d.<br \/>\nLos aprehendidos se encuentran alojados en la DDI I San Nicol\u00e1s.<\/p>\n<p>Fuente: Diario El Norte<\/p>\n","protected":false},"excerpt":{"rendered":"<p>A principios de este a\u00f1o, sujetos desconocidos golpearon y le robaron a Carmen Far\u00edas, de 52 a\u00f1os, quien muri\u00f3 d\u00edas despu\u00e9s a causa de las heridas. Tras la investigaci\u00f3n desarrollada por personal de la DDI, se logr\u00f3 establecer la identidad de los presuntos autores, quienes fueron detenidos tras un allanamiento. Como public\u00f3 oportunamente nuestro medio, [&hellip;]<\/p>\n","protected":false},"author":4,"featured_media":35734,"comment_status":"open","ping_status":"closed","sticky":false,"template":"","format":"standard","meta":{"om_disable_all_campaigns":false,"_jetpack_memberships_contains_paid_content":false,"footnotes":""},"categories":[621],"tags":[],"class_list":["post-35733","post","type-post","status-publish","format-standard","has-post-thumbnail","hentry","category-regionales"],"aioseo_notices":[],"gutentor_comment":0,"jetpack_featured_media_url":"https:\/\/eldiariodesanpedro.com.ar\/sitio\/wp-content\/uploads\/2018\/07\/elnorte5b37e243ae4f9_6-homicidio-4x12.jpg","jetpack_shortlink":"https:\/\/wp.me\/p6RhLt-9il","jetpack_sharing_enabled":true,"_links":{"self":[{"href":"https:\/\/eldiariodesanpedro.com.ar\/sitio\/wp-json\/wp\/v2\/posts\/35733","targetHints":{"allow":["GET"]}}],"collection":[{"href":"https:\/\/eldiariodesanpedro.com.ar\/sitio\/wp-json\/wp\/v2\/posts"}],"about":[{"href":"https:\/\/eldiariodesanpedro.com.ar\/sitio\/wp-json\/wp\/v2\/types\/post"}],"author":[{"embeddable":true,"href":"https:\/\/eldiariodesanpedro.com.ar\/sitio\/wp-json\/wp\/v2\/users\/4"}],"replies":[{"embeddable":true,"href":"https:\/\/eldiariodesanpedro.com.ar\/sitio\/wp-json\/wp\/v2\/comments?post=35733"}],"version-history":[{"count":1,"href":"https:\/\/eldiariodesanpedro.com.ar\/sitio\/wp-json\/wp\/v2\/posts\/35733\/revisions"}],"predecessor-version":[{"id":35735,"href":"https:\/\/eldiariodesanpedro.com.ar\/sitio\/wp-json\/wp\/v2\/posts\/35733\/revisions\/35735"}],"wp:featuredmedia":[{"embeddable":true,"href":"https:\/\/eldiariodesanpedro.com.ar\/sitio\/wp-json\/wp\/v2\/media\/35734"}],"wp:attachment":[{"href":"https:\/\/eldiariodesanpedro.com.ar\/sitio\/wp-json\/wp\/v2\/media?parent=35733"}],"wp:term":[{"taxonomy":"category","embeddable":true,"href":"https:\/\/eldiariodesanpedro.com.ar\/sitio\/wp-json\/wp\/v2\/categories?post=35733"},{"taxonomy":"post_tag","embeddable":true,"href":"https:\/\/eldiariodesanpedro.com.ar\/sitio\/wp-json\/wp\/v2\/tags?post=35733"}],"curies":[{"name":"wp","href":"https:\/\/api.w.org\/{rel}","templated":true}]}}