{"id":35730,"date":"2018-07-02T10:16:24","date_gmt":"2018-07-02T13:16:24","guid":{"rendered":"https:\/\/eldiariodesanpedro.com.ar\/sitio\/?p=35730"},"modified":"2018-07-02T10:16:24","modified_gmt":"2018-07-02T13:16:24","slug":"san-nicolas-hallaron-un-cadaver-calcinado-dentro-de-una-vivienda-incendiada-de-barrio-las-mellizas","status":"publish","type":"post","link":"https:\/\/eldiariodesanpedro.com.ar\/sitio\/san-nicolas-hallaron-un-cadaver-calcinado-dentro-de-una-vivienda-incendiada-de-barrio-las-mellizas\/","title":{"rendered":"SAN NICOL\u00c1S: Hallaron un cad\u00e1ver calcinado dentro de una vivienda incendiada de barrio Las Mellizas"},"content":{"rendered":"<p><!-- VideographyWP Plugin Message: Automatic video embedding prevented by plugin options. --><br \/>\nAyer a la ma\u00f1ana un macabro hallazgo tuvo lugar en Barrio Las Mellizas cuando una mujer se dirigi\u00f3 a la casa de su hermano y se encontr\u00f3 con que la vivienda estaba calcinada y entre los restos se hallaba el cuerpo de Luis Alberto Guti\u00e9rrez. Aparentemente el fuego se habr\u00eda producido el jueves pasado y nadie lo habr\u00eda denunciado.<\/p>\n<p>Fue en la ma\u00f1ana de ayer, cuando la ciudad estaba paralizada por el partido de la selecci\u00f3n, que Yisel, preocupada porque hac\u00eda varios d\u00edas que no sab\u00eda nada de su hermano, se dirigi\u00f3 a su vivienda de calle Chopin al 510, de barrio Las Mellizas, donde \u00e9l viv\u00eda. La casa era precaria, de chapas y maderas, un lugar dif\u00edcil para soportar los bajos fr\u00edos que se ven\u00edan padeciendo en la semana. Al llegar al lugar, la mujer se encontr\u00f3 con que en lo que antes era un refugio ahora se hallaban un mont\u00f3n de chapas calcinadas y restos de cenizas por todo el lugar. Enseguida se asust\u00f3 y comenz\u00f3 a revisar entre los escombros, donde se encontr\u00f3 con un macabro descubrimiento, al lado de los fierros corro\u00eddos de una cama met\u00e1lica, se hallaban los restos calcinados de su hermano Luis Alberto Guti\u00e9rrez de 34 a\u00f1os.<\/p>\n<p>Macabro hallazgo<br \/>\nLa mujer enseguida dio aviso a la polic\u00eda quienes corroboraron la identidad del fallecido y comenzaron a realizar los trabajos de peritaje a fines de intentar determinar lo que sucedi\u00f3. Aparentemente y seg\u00fan lo que pudieron dilucidar los investigadores en dialogo con algunos vecinos, el incendio se habr\u00eda desatado el pasado jueves y nadie lo habr\u00eda denunciado, por lo que as\u00ed como empez\u00f3, se extingui\u00f3 solo. Tambi\u00e9n, por lo que se pudo apreciar en los primeros peritajes, el siniestro habr\u00eda sido desatado de adentro hacia afuera. Las primeras hip\u00f3tesis que se manejan son que Luis podr\u00eda haber querido calefaccionar su precaria vivienda y eso habr\u00eda provocado el fuego, pero aun hacen falta varios peritajes y los resultados de la autopsia para poder determinar fehacientemente lo que ocurri\u00f3.<\/p>\n<p>En el lugar estuvieron trabajando personal del gabinete criminol\u00f3gico de la comisar\u00eda Tercera, DDI y Polic\u00eda cient\u00edfica. Tomo intervenci\u00f3n la UFI Nro. 3 a cargo del Dr. Tan\u00fas qui\u00e9n dispuso operaci\u00f3n de autopsia.<\/p>\n<p>Fuente: Diario El Norte<\/p>\n","protected":false},"excerpt":{"rendered":"<p>Ayer a la ma\u00f1ana un macabro hallazgo tuvo lugar en Barrio Las Mellizas cuando una mujer se dirigi\u00f3 a la casa de su hermano y se encontr\u00f3 con que la vivienda estaba calcinada y entre los restos se hallaba el cuerpo de Luis Alberto Guti\u00e9rrez. Aparentemente el fuego se habr\u00eda producido el jueves pasado y [&hellip;]<\/p>\n","protected":false},"author":4,"featured_media":35731,"comment_status":"open","ping_status":"closed","sticky":false,"template":"","format":"standard","meta":{"om_disable_all_campaigns":false,"_jetpack_memberships_contains_paid_content":false,"footnotes":""},"categories":[621],"tags":[],"class_list":["post-35730","post","type-post","status-publish","format-standard","has-post-thumbnail","hentry","category-regionales"],"aioseo_notices":[],"gutentor_comment":0,"jetpack_featured_media_url":"https:\/\/eldiariodesanpedro.com.ar\/sitio\/wp-content\/uploads\/2018\/07\/elnorte5b38ecd968a7f_8-foto1-5x14.jpg","jetpack_shortlink":"https:\/\/wp.me\/p6RhLt-9ii","jetpack_sharing_enabled":true,"_links":{"self":[{"href":"https:\/\/eldiariodesanpedro.com.ar\/sitio\/wp-json\/wp\/v2\/posts\/35730","targetHints":{"allow":["GET"]}}],"collection":[{"href":"https:\/\/eldiariodesanpedro.com.ar\/sitio\/wp-json\/wp\/v2\/posts"}],"about":[{"href":"https:\/\/eldiariodesanpedro.com.ar\/sitio\/wp-json\/wp\/v2\/types\/post"}],"author":[{"embeddable":true,"href":"https:\/\/eldiariodesanpedro.com.ar\/sitio\/wp-json\/wp\/v2\/users\/4"}],"replies":[{"embeddable":true,"href":"https:\/\/eldiariodesanpedro.com.ar\/sitio\/wp-json\/wp\/v2\/comments?post=35730"}],"version-history":[{"count":1,"href":"https:\/\/eldiariodesanpedro.com.ar\/sitio\/wp-json\/wp\/v2\/posts\/35730\/revisions"}],"predecessor-version":[{"id":35732,"href":"https:\/\/eldiariodesanpedro.com.ar\/sitio\/wp-json\/wp\/v2\/posts\/35730\/revisions\/35732"}],"wp:featuredmedia":[{"embeddable":true,"href":"https:\/\/eldiariodesanpedro.com.ar\/sitio\/wp-json\/wp\/v2\/media\/35731"}],"wp:attachment":[{"href":"https:\/\/eldiariodesanpedro.com.ar\/sitio\/wp-json\/wp\/v2\/media?parent=35730"}],"wp:term":[{"taxonomy":"category","embeddable":true,"href":"https:\/\/eldiariodesanpedro.com.ar\/sitio\/wp-json\/wp\/v2\/categories?post=35730"},{"taxonomy":"post_tag","embeddable":true,"href":"https:\/\/eldiariodesanpedro.com.ar\/sitio\/wp-json\/wp\/v2\/tags?post=35730"}],"curies":[{"name":"wp","href":"https:\/\/api.w.org\/{rel}","templated":true}]}}