{"id":35726,"date":"2018-07-02T10:12:56","date_gmt":"2018-07-02T13:12:56","guid":{"rendered":"https:\/\/eldiariodesanpedro.com.ar\/sitio\/?p=35726"},"modified":"2018-07-02T10:13:49","modified_gmt":"2018-07-02T13:13:49","slug":"baradero-aprehendieron-a-un-hombre-tras-un-allanamiento-por-drogas","status":"publish","type":"post","link":"https:\/\/eldiariodesanpedro.com.ar\/sitio\/baradero-aprehendieron-a-un-hombre-tras-un-allanamiento-por-drogas\/","title":{"rendered":"BARADERO: Aprehendieron a un hombre tras un allanamiento por drogas"},"content":{"rendered":"<p><!-- VideographyWP Plugin Message: Automatic video embedding prevented by plugin options. --><br \/>\nFue este s\u00e1bado en una propiedad ubicada en Libertad al 3300. All\u00ed encontraron coca\u00edna preparada para su comercializaci\u00f3n. Por lo que qued\u00f3 detenido quien estaba sindicado en la investigaci\u00f3n. <\/p>\n<p>Personal de la comisar\u00eda comunal juntamente con personal Drogas Il\u00edcitas de San Nicol\u00e1s, llevaron a cabo el procedimiento a ra\u00edz de ordenes de allanamiento otorgadas por el Juzgado de Garant\u00edas nro. 2 a cargo de Dr. Luis Pratti y a requerimiento de la UFI nro. 1 a cargo de Fiscal Dr. Patricio Mujica Diaz.<\/p>\n<p>Se realiz\u00f3 un allanamiento en calle Libertad al 3300 aproximadamente, el cual arroj\u00f3 resultado positivo, logrando la aprehensi\u00f3n de un masculino mayor de edad (principal sindicado y proveedor) y secuestro de veintid\u00f3s  envoltorios, listos para su comercializaci\u00f3n,  los cuales conten\u00edan en su interior Clorhidrato de Coca\u00edna, por un peso total 20,4 gramos. Adem\u00e1s se secuestr\u00f3  un tel\u00e9fono celular y la suma de Mil ochenta pesos en efectivo.<\/p>\n<p>A ra\u00edz de las tareas realizadas en el sitio, se dispuso un segundo allanamiento de urgencia que se realizo en el domicilio de  un presunto socio del aprehendido. \u00c9ste \u00faltimo arroj\u00f3 resultado negativo.<\/p>\n<p>El aprehendido fue traslado a la ciudad de San Nicol\u00e1s, donde en la sede judicial fue notificado de la formaci\u00f3n de la causa por Tenencia de estupefacientes con fines de comercializaci\u00f3n. El sujeto qued\u00f3 aprehendido.<\/p>\n<p>Fuente: Tu Linea Directa<\/p>\n","protected":false},"excerpt":{"rendered":"<p>Fue este s\u00e1bado en una propiedad ubicada en Libertad al 3300. All\u00ed encontraron coca\u00edna preparada para su comercializaci\u00f3n. Por lo que qued\u00f3 detenido quien estaba sindicado en la investigaci\u00f3n. Personal de la comisar\u00eda comunal juntamente con personal Drogas Il\u00edcitas de San Nicol\u00e1s, llevaron a cabo el procedimiento a ra\u00edz de ordenes de allanamiento otorgadas por [&hellip;]<\/p>\n","protected":false},"author":4,"featured_media":35727,"comment_status":"open","ping_status":"closed","sticky":false,"template":"","format":"standard","meta":{"om_disable_all_campaigns":false,"_jetpack_memberships_contains_paid_content":false,"footnotes":""},"categories":[2,103],"tags":[],"class_list":["post-35726","post","type-post","status-publish","format-standard","has-post-thumbnail","hentry","category-locales","category-policiales-locales"],"aioseo_notices":[],"gutentor_comment":0,"jetpack_featured_media_url":"https:\/\/eldiariodesanpedro.com.ar\/sitio\/wp-content\/uploads\/2018\/07\/envoltorios-1-1200x545_c.jpg","jetpack_shortlink":"https:\/\/wp.me\/p6RhLt-9ie","jetpack_sharing_enabled":true,"_links":{"self":[{"href":"https:\/\/eldiariodesanpedro.com.ar\/sitio\/wp-json\/wp\/v2\/posts\/35726","targetHints":{"allow":["GET"]}}],"collection":[{"href":"https:\/\/eldiariodesanpedro.com.ar\/sitio\/wp-json\/wp\/v2\/posts"}],"about":[{"href":"https:\/\/eldiariodesanpedro.com.ar\/sitio\/wp-json\/wp\/v2\/types\/post"}],"author":[{"embeddable":true,"href":"https:\/\/eldiariodesanpedro.com.ar\/sitio\/wp-json\/wp\/v2\/users\/4"}],"replies":[{"embeddable":true,"href":"https:\/\/eldiariodesanpedro.com.ar\/sitio\/wp-json\/wp\/v2\/comments?post=35726"}],"version-history":[{"count":2,"href":"https:\/\/eldiariodesanpedro.com.ar\/sitio\/wp-json\/wp\/v2\/posts\/35726\/revisions"}],"predecessor-version":[{"id":35729,"href":"https:\/\/eldiariodesanpedro.com.ar\/sitio\/wp-json\/wp\/v2\/posts\/35726\/revisions\/35729"}],"wp:featuredmedia":[{"embeddable":true,"href":"https:\/\/eldiariodesanpedro.com.ar\/sitio\/wp-json\/wp\/v2\/media\/35727"}],"wp:attachment":[{"href":"https:\/\/eldiariodesanpedro.com.ar\/sitio\/wp-json\/wp\/v2\/media?parent=35726"}],"wp:term":[{"taxonomy":"category","embeddable":true,"href":"https:\/\/eldiariodesanpedro.com.ar\/sitio\/wp-json\/wp\/v2\/categories?post=35726"},{"taxonomy":"post_tag","embeddable":true,"href":"https:\/\/eldiariodesanpedro.com.ar\/sitio\/wp-json\/wp\/v2\/tags?post=35726"}],"curies":[{"name":"wp","href":"https:\/\/api.w.org\/{rel}","templated":true}]}}