{"id":35723,"date":"2018-07-02T09:36:14","date_gmt":"2018-07-02T12:36:14","guid":{"rendered":"https:\/\/eldiariodesanpedro.com.ar\/sitio\/?p=35723"},"modified":"2018-07-02T09:36:14","modified_gmt":"2018-07-02T12:36:14","slug":"un-joven-aprehendido-por-amenazar-y-tirarle-piedras-a-su-vecino","status":"publish","type":"post","link":"https:\/\/eldiariodesanpedro.com.ar\/sitio\/un-joven-aprehendido-por-amenazar-y-tirarle-piedras-a-su-vecino\/","title":{"rendered":"Un joven aprehendido por amenazar y tirarle piedras a su vecino"},"content":{"rendered":"<p><!-- VideographyWP Plugin Message: Automatic video embedding prevented by plugin options. --><br \/>\nEl viernes por la tarde personal policial procedi\u00f3 a la aprehensi\u00f3n de un joven de 19 a\u00f1os,  que se encontraba tir\u00e1ndole piedras  y profiriendo amenazas a su vecino cito en calle Simonino al 300.<\/p>\n<p>Seg\u00fan testigos se trata de problemas personales de larga data.<\/p>\n","protected":false},"excerpt":{"rendered":"<p>El viernes por la tarde personal policial procedi\u00f3 a la aprehensi\u00f3n de un joven de 19 a\u00f1os, que se encontraba tir\u00e1ndole piedras y profiriendo amenazas a su vecino cito en calle Simonino al 300. Seg\u00fan testigos se trata de problemas personales de larga data.<\/p>\n","protected":false},"author":4,"featured_media":34493,"comment_status":"open","ping_status":"closed","sticky":false,"template":"","format":"standard","meta":{"om_disable_all_campaigns":false,"_jetpack_memberships_contains_paid_content":false,"footnotes":""},"categories":[2,103],"tags":[],"class_list":["post-35723","post","type-post","status-publish","format-standard","has-post-thumbnail","hentry","category-locales","category-policiales-locales"],"aioseo_notices":[],"gutentor_comment":0,"jetpack_featured_media_url":"https:\/\/eldiariodesanpedro.com.ar\/sitio\/wp-content\/uploads\/2018\/06\/poli.jpg","jetpack_shortlink":"https:\/\/wp.me\/p6RhLt-9ib","jetpack_sharing_enabled":true,"_links":{"self":[{"href":"https:\/\/eldiariodesanpedro.com.ar\/sitio\/wp-json\/wp\/v2\/posts\/35723","targetHints":{"allow":["GET"]}}],"collection":[{"href":"https:\/\/eldiariodesanpedro.com.ar\/sitio\/wp-json\/wp\/v2\/posts"}],"about":[{"href":"https:\/\/eldiariodesanpedro.com.ar\/sitio\/wp-json\/wp\/v2\/types\/post"}],"author":[{"embeddable":true,"href":"https:\/\/eldiariodesanpedro.com.ar\/sitio\/wp-json\/wp\/v2\/users\/4"}],"replies":[{"embeddable":true,"href":"https:\/\/eldiariodesanpedro.com.ar\/sitio\/wp-json\/wp\/v2\/comments?post=35723"}],"version-history":[{"count":1,"href":"https:\/\/eldiariodesanpedro.com.ar\/sitio\/wp-json\/wp\/v2\/posts\/35723\/revisions"}],"predecessor-version":[{"id":35724,"href":"https:\/\/eldiariodesanpedro.com.ar\/sitio\/wp-json\/wp\/v2\/posts\/35723\/revisions\/35724"}],"wp:featuredmedia":[{"embeddable":true,"href":"https:\/\/eldiariodesanpedro.com.ar\/sitio\/wp-json\/wp\/v2\/media\/34493"}],"wp:attachment":[{"href":"https:\/\/eldiariodesanpedro.com.ar\/sitio\/wp-json\/wp\/v2\/media?parent=35723"}],"wp:term":[{"taxonomy":"category","embeddable":true,"href":"https:\/\/eldiariodesanpedro.com.ar\/sitio\/wp-json\/wp\/v2\/categories?post=35723"},{"taxonomy":"post_tag","embeddable":true,"href":"https:\/\/eldiariodesanpedro.com.ar\/sitio\/wp-json\/wp\/v2\/tags?post=35723"}],"curies":[{"name":"wp","href":"https:\/\/api.w.org\/{rel}","templated":true}]}}