{"id":35720,"date":"2018-07-02T09:29:38","date_gmt":"2018-07-02T12:29:38","guid":{"rendered":"https:\/\/eldiariodesanpedro.com.ar\/sitio\/?p=35720"},"modified":"2018-07-02T09:29:38","modified_gmt":"2018-07-02T12:29:38","slug":"encapuchados-asaltaron-ataron-y-amenazaron-a-una-pareja-de-ancianos-en-su-vivienda","status":"publish","type":"post","link":"https:\/\/eldiariodesanpedro.com.ar\/sitio\/encapuchados-asaltaron-ataron-y-amenazaron-a-una-pareja-de-ancianos-en-su-vivienda\/","title":{"rendered":"Encapuchados asaltaron, ataron y amenazaron  a una pareja de ancianos en su vivienda"},"content":{"rendered":"<p><!-- VideographyWP Plugin Message: Automatic video embedding prevented by plugin options. --><br \/>\nUna pareja de ancianos fue sorprendida por dos encapuchados al llegar a su domicilio.  Fueron atados con cintos y amenazados con arma blanca por los delincuentes para luego darse a la fuga con dinero en efectivo.<\/p>\n<p>El terrible hecho delictivo se produjo este domingo por la noche, alrededor de las 23hs cuando una pareja de anciano de 65 y 63 a\u00f1os de edad son sorprendidos por dos encapuchados que mediante intimidaci\u00f3n de arma blanca y arma de pu\u00f1o, los reducen y los hacen ingresar a su vivienda.<\/p>\n<p>En el interior, atan con cintos a la pareja y los amenazan hasta sustraerle el dinero en efectivo que ten\u00edan y darse a la fuga en un veh\u00edculo.<br \/>\nLas victimas resultaron con lesiones en el cuello y golpe en la cabeza. <\/p>\n","protected":false},"excerpt":{"rendered":"<p>Una pareja de ancianos fue sorprendida por dos encapuchados al llegar a su domicilio. Fueron atados con cintos y amenazados con arma blanca por los delincuentes para luego darse a la fuga con dinero en efectivo. El terrible hecho delictivo se produjo este domingo por la noche, alrededor de las 23hs cuando una pareja de [&hellip;]<\/p>\n","protected":false},"author":4,"featured_media":35721,"comment_status":"open","ping_status":"closed","sticky":false,"template":"","format":"standard","meta":{"om_disable_all_campaigns":false,"_jetpack_memberships_contains_paid_content":false,"footnotes":""},"categories":[50,2,103],"tags":[],"class_list":["post-35720","post","type-post","status-publish","format-standard","has-post-thumbnail","hentry","category-destacadas","category-locales","category-policiales-locales"],"aioseo_notices":[],"gutentor_comment":0,"jetpack_featured_media_url":"https:\/\/eldiariodesanpedro.com.ar\/sitio\/wp-content\/uploads\/2018\/07\/encapuchados-asaltan-caseta.jpg","jetpack_shortlink":"https:\/\/wp.me\/p6RhLt-9i8","jetpack_sharing_enabled":true,"_links":{"self":[{"href":"https:\/\/eldiariodesanpedro.com.ar\/sitio\/wp-json\/wp\/v2\/posts\/35720","targetHints":{"allow":["GET"]}}],"collection":[{"href":"https:\/\/eldiariodesanpedro.com.ar\/sitio\/wp-json\/wp\/v2\/posts"}],"about":[{"href":"https:\/\/eldiariodesanpedro.com.ar\/sitio\/wp-json\/wp\/v2\/types\/post"}],"author":[{"embeddable":true,"href":"https:\/\/eldiariodesanpedro.com.ar\/sitio\/wp-json\/wp\/v2\/users\/4"}],"replies":[{"embeddable":true,"href":"https:\/\/eldiariodesanpedro.com.ar\/sitio\/wp-json\/wp\/v2\/comments?post=35720"}],"version-history":[{"count":1,"href":"https:\/\/eldiariodesanpedro.com.ar\/sitio\/wp-json\/wp\/v2\/posts\/35720\/revisions"}],"predecessor-version":[{"id":35722,"href":"https:\/\/eldiariodesanpedro.com.ar\/sitio\/wp-json\/wp\/v2\/posts\/35720\/revisions\/35722"}],"wp:featuredmedia":[{"embeddable":true,"href":"https:\/\/eldiariodesanpedro.com.ar\/sitio\/wp-json\/wp\/v2\/media\/35721"}],"wp:attachment":[{"href":"https:\/\/eldiariodesanpedro.com.ar\/sitio\/wp-json\/wp\/v2\/media?parent=35720"}],"wp:term":[{"taxonomy":"category","embeddable":true,"href":"https:\/\/eldiariodesanpedro.com.ar\/sitio\/wp-json\/wp\/v2\/categories?post=35720"},{"taxonomy":"post_tag","embeddable":true,"href":"https:\/\/eldiariodesanpedro.com.ar\/sitio\/wp-json\/wp\/v2\/tags?post=35720"}],"curies":[{"name":"wp","href":"https:\/\/api.w.org\/{rel}","templated":true}]}}