{"id":3570,"date":"2016-04-22T21:29:26","date_gmt":"2016-04-23T00:29:26","guid":{"rendered":"https:\/\/eldiariodesanpedro.com.ar\/sitio\/?p=3570"},"modified":"2016-04-22T21:29:26","modified_gmt":"2016-04-23T00:29:26","slug":"accidente-fuerte-impacto-de-una-moto-a-un-auto","status":"publish","type":"post","link":"https:\/\/eldiariodesanpedro.com.ar\/sitio\/accidente-fuerte-impacto-de-una-moto-a-un-auto\/","title":{"rendered":"Accidente: Fuerte impacto de una moto a un auto"},"content":{"rendered":"<p><!-- VideographyWP Plugin Message: Automatic video embedding prevented by plugin options. --><\/p>\n<p dir=\"ltr\">El choque ocurri\u00f3 esta noche\u00a0en Caseros al 1900. All\u00ed una moto tipo cross impact\u00f3, por causas que se tratan de establecer, con un autom\u00f3vil marca Vw Bora.<\/p>\n<p dir=\"ltr\">Seg\u00fan relataron testigos del hecho, mientras que el rodado mayor pretend\u00eda doblar en M. Reyna y all\u00ed fue colisionado por el ciclomotor, aparentemente el joven que lo manejaba se dirig\u00eda a alta velocidad y no logr\u00f3 frenar a tiempo para evitar el siniestro.<\/p>\n<p dir=\"ltr\">Como consecuencia de ello, el damnificado del incidente sufri\u00f3 una fractura en una de sus piernas y un fuerte traumatismo de cr\u00e1neo puesto que no llevaba casco. Debi\u00f3 ser trasladado a la Guardia del Hospital por el Servicio de Emergencias 107.<\/p>\n<p dir=\"ltr\">En tanto que en el lugar, personal de la Comisar\u00eda realiz\u00f3 las actuaciones legales y luego \u201ccient\u00edfica\u201d los peritajes correspondientes para establecer las responsabilidades.<\/p>\n<p>&nbsp;<\/p>\n","protected":false},"excerpt":{"rendered":"<p>El choque ocurri\u00f3 esta noche\u00a0en Caseros al 1900. All\u00ed una moto tipo cross impact\u00f3, por causas que se tratan de establecer, con un autom\u00f3vil marca Vw Bora. Seg\u00fan relataron testigos del hecho, mientras que el rodado mayor pretend\u00eda doblar en M. Reyna y all\u00ed fue colisionado por el ciclomotor, aparentemente el joven que lo manejaba [&hellip;]<\/p>\n","protected":false},"author":4,"featured_media":3571,"comment_status":"open","ping_status":"closed","sticky":false,"template":"","format":"standard","meta":{"om_disable_all_campaigns":false,"_jetpack_memberships_contains_paid_content":false,"footnotes":""},"categories":[50,2,103],"tags":[],"class_list":["post-3570","post","type-post","status-publish","format-standard","has-post-thumbnail","hentry","category-destacadas","category-locales","category-policiales-locales"],"aioseo_notices":[],"gutentor_comment":0,"jetpack_featured_media_url":"https:\/\/eldiariodesanpedro.com.ar\/sitio\/wp-content\/uploads\/2016\/04\/IMG_20160422_202124665.jpg","jetpack_shortlink":"https:\/\/wp.me\/p6RhLt-VA","jetpack_sharing_enabled":true,"_links":{"self":[{"href":"https:\/\/eldiariodesanpedro.com.ar\/sitio\/wp-json\/wp\/v2\/posts\/3570","targetHints":{"allow":["GET"]}}],"collection":[{"href":"https:\/\/eldiariodesanpedro.com.ar\/sitio\/wp-json\/wp\/v2\/posts"}],"about":[{"href":"https:\/\/eldiariodesanpedro.com.ar\/sitio\/wp-json\/wp\/v2\/types\/post"}],"author":[{"embeddable":true,"href":"https:\/\/eldiariodesanpedro.com.ar\/sitio\/wp-json\/wp\/v2\/users\/4"}],"replies":[{"embeddable":true,"href":"https:\/\/eldiariodesanpedro.com.ar\/sitio\/wp-json\/wp\/v2\/comments?post=3570"}],"version-history":[{"count":1,"href":"https:\/\/eldiariodesanpedro.com.ar\/sitio\/wp-json\/wp\/v2\/posts\/3570\/revisions"}],"predecessor-version":[{"id":3572,"href":"https:\/\/eldiariodesanpedro.com.ar\/sitio\/wp-json\/wp\/v2\/posts\/3570\/revisions\/3572"}],"wp:featuredmedia":[{"embeddable":true,"href":"https:\/\/eldiariodesanpedro.com.ar\/sitio\/wp-json\/wp\/v2\/media\/3571"}],"wp:attachment":[{"href":"https:\/\/eldiariodesanpedro.com.ar\/sitio\/wp-json\/wp\/v2\/media?parent=3570"}],"wp:term":[{"taxonomy":"category","embeddable":true,"href":"https:\/\/eldiariodesanpedro.com.ar\/sitio\/wp-json\/wp\/v2\/categories?post=3570"},{"taxonomy":"post_tag","embeddable":true,"href":"https:\/\/eldiariodesanpedro.com.ar\/sitio\/wp-json\/wp\/v2\/tags?post=3570"}],"curies":[{"name":"wp","href":"https:\/\/api.w.org\/{rel}","templated":true}]}}