{"id":35698,"date":"2018-07-01T21:05:27","date_gmt":"2018-07-02T00:05:27","guid":{"rendered":"https:\/\/eldiariodesanpedro.com.ar\/sitio\/?p=35698"},"modified":"2026-01-24T00:13:21","modified_gmt":"2026-01-24T03:13:21","slug":"la-liga-sampedrina-participo-de-importante-reunion-en-chivilcoy","status":"publish","type":"post","link":"https:\/\/eldiariodesanpedro.com.ar\/sitio\/la-liga-sampedrina-participo-de-importante-reunion-en-chivilcoy\/","title":{"rendered":"La liga sampedrina particip\u00f3 de importante reuni\u00f3n en Chivilcoy"},"content":{"rendered":"<p><!-- VideographyWP Plugin Message: Automatic video embedding prevented by plugin options. --><br \/>\nEl Presidente Ejecutivo del Consejo Federal de F\u00fatbol de AFA Pablo Toviggino, y los presidentes de las tres Federaciones de la Provincia de Buenos Aires, junto a dirigentes de ligas y prensa se reunieron en Chivilcoy.<\/p>\n<p>  Con conferencia de prensa en la Liga Chivilcoyana de F\u00fatbol en la que estuvo presente El Cl\u00e1sico Deportes y luego en el sal\u00f3n social del Club 22 de octubre, una importante reuni\u00f3n se llev\u00f3 a cabo entre el dirigente afista y el interior bonaerense.<br \/>\n  La b\u00fasqueda de Toviggino de reconciliar las federaciones va dando resultados positivos ya que entre las tres comenzar\u00e1n a trabajar en conjunto con un mismo objetivo, que en la organizaci\u00f3n de torneos juveniles y encarar en conjunto la problem\u00e1tica del f\u00fatbol actual.<br \/>\n  Las Federaciones del Norte, Sur y Este, m\u00e1s las ligas de Federaci\u00f3n Norte de F\u00fatbol, entre las que estuvo San Pedro representado por sus dirigentes Hugo Cejas, Carlos Jaime, Jos\u00e9 Gorosito y Juan Di Napoli e invitado el dirigente y ex t\u00e9cnico Gerardo Esp\u00edndola, escucharon atentamente los conceptos de Pablo Toviggino, quien con mucha claridad explic\u00f3 los profundos cambios que el f\u00fatbol del interior producir\u00e1 desde la temporada 2019.<br \/>\n  Primero fue en la Liga Chivilcoyana de F\u00fatbol donde el presidente del Consejo Federal, Pablo Toviggino, el presidente de Federaci\u00f3n Norte, Dar\u00edo Ramunno, el presidente de la Federaci\u00f3n del Sur, D\u00e1maso Larraburu, y el representante de la Federaci\u00f3n del Este, Juan Carlos Aguinaga, el Intendente de Chivilcoy, nuestro conocido Guillermo Britos (muy elogiado por las autoridades del f\u00fatbol local por el importante apoyo que da a las instituciones y a la propia liga, con proyectos que se van haciendo realidad como la importante ayuda que el municipio les brinda en ampliar las infraestructuras existentes como sanitarios, accesos, paredes exteriores, etc. en los distintos escenarios donde se juega f\u00fatbol, entendiendo la importante tarea que los clubes llevan adelante en la contenci\u00f3n e inclusi\u00f3n de m\u00e1s de 1500 chicos) y las autoridades de la liga organizadora, quienes junto a la prensa de la regi\u00f3n el propio presidente explic\u00f3 en detalles los cambios y los porqu\u00e9 de los mismos. Pablo Toviggino expres\u00f3 entre otras, las siguientes frases:<br \/>\n  \u201cSi hay algo de lo que disfruto en cada encuentro es el poder estar cara a cara con los dirigentes de las ligas para tratar de contarnos las necesidades y sobre todo poder solucionar los problemas que se pueda presentar, Claudio Tapia as\u00ed lo entiende, quiere un interior fuerte y que resurja, que vuelva a ser lo que fue, dos campeonatos mundiales con jugadores del interior\u201d.<\/p>\n<p>  \u201cTambi\u00e9n nuestra presencia es para tratar de tener una armon\u00eda entre las tres federaciones, en una deuda pendiente que vuelva a ser lo que fue hace muchos a\u00f1os atr\u00e1s y sin duda que el compromiso as\u00ed lo marca\u201d.<br \/>\n  \u201cMuchos cambios se avecinan, en muchos casos no muy amigables para muchos, pero convencidos de que esta gesti\u00f3n devolver\u00e1 la trascendencia y la importancia que el f\u00fatbol debe tener, vuelva a ser convocante, que cada pueblo y ciudad jueguen por algo y no torneos que ya no se pod\u00edan sostener y que se devor\u00f3 muchos clubes, importantes en muchos casos, por gastos exorbitantes en su participaci\u00f3n. Simplemente no daba para m\u00e1s, la regionalizaci\u00f3n era una herramienta importante para nosotros, tratar de acortar el tiempo que deb\u00eda armar los torneos, escalonados en el Federal B y C, pero los intentos fueron en vanos, cada vez m\u00e1s est\u00e1bamos para atr\u00e1s, la decisi\u00f3n es muy fuerte, pero a corto plazo el f\u00fatbol del interior necesitaba una soluci\u00f3n inmediata, y creemos y estamos convencidos que lo que viene ser\u00e1 muy bueno\u201d.<\/p>\n<p>  \u201cBasta ver c\u00f3mo est\u00e1n los clubes del interior, invirtieron todo el dinero, lo que pod\u00edan recaudar en jugadores y cuerpos t\u00e9cnicos, mientras que los clubes est\u00e1n destruidos, no tienen vestuarios en condiciones, sanitarios poco acordes al momento actual, alambrados destruidos, etc., sin divisiones inferiores, jugar y gastar una fortuna en tres meses para nada. se ve\u00edan beneficiados solo un grupo de actores, el resto lo sufr\u00eda\u201d.<\/p>\n<p>  \u201cSe acab\u00f3 la \u2018invitaci\u00f3n\u2019, ahora es por m\u00e9rito deportivo, y s\u00f3lo podr\u00e1n aquellos que son ordenados deportiva y jur\u00eddicamente, el reglamento actual se escribi\u00f3 y se va a cumplir, basta de borrar con el codo lo que escribimos con la mano, esto viene en serio y el que no se adapte lamentablemente quedar\u00e1 afuera\u201d.<\/p>\n<p>  \u201cPero si el club se cae a pedazos, no tiene inferiores, jur\u00eddicamente poco sostenible, no puede jugar al f\u00fatbol. Primero que arregle su cancha, arme las bases y, cuando est\u00e9 ordenado, que piense en competir en otro nivel, pero primero los clubes deben preocuparse por otras cosas. Infraestructura de ligas y clubes, trabajar hacia adentro para despu\u00e9s pensar en otra competencia\u201d.<\/p>\n<p>  \u201cEl torneo va a ser innovador, donde los clubes llegar\u00e1n con un a\u00f1o de competencia. Tambi\u00e9n en pocos meses llegar\u00e1 otro agregado al reglamento, para jugar los nuevos torneos del Consejo Federal deber\u00e1n tener campeonatos de inferiores, hoy algunas ligas no tienen. Estamos convencidos que estos nuevos torneos van a potenciar el f\u00fatbol de la liga y la consecuencia ser\u00e1 dar nuevamente desde el interior un f\u00fatbol m\u00e1s fuerte y competitivo al f\u00fatbol argentino, el 80% de los jugadores campeones en el Mundial \u201978 y \u201986 salieron del interior\u201d.<br \/>\n  Luego en el Club 22 de octubre hubo otro encuentro, esta vez masivo con dirigentes de clubes y de ligas, quienes se sacaron todas las dudas preguntando y escuchando cada respuesta de Tovoggino. Un encuentro por dem\u00e1s de positivo, al cual el f\u00fatbol bonaerense no estaba acostumbrado.<\/p>\n","protected":false},"excerpt":{"rendered":"<p>El Presidente Ejecutivo del Consejo Federal de F\u00fatbol de AFA Pablo Toviggino, y los presidentes de las tres Federaciones de la Provincia de Buenos Aires, junto a dirigentes de ligas y prensa se reunieron en Chivilcoy. Con conferencia de prensa en la Liga Chivilcoyana de F\u00fatbol en la que estuvo presente El Cl\u00e1sico Deportes y [&hellip;]<\/p>\n","protected":false},"author":4,"featured_media":35705,"comment_status":"open","ping_status":"closed","sticky":false,"template":"","format":"standard","meta":{"om_disable_all_campaigns":false,"_jetpack_memberships_contains_paid_content":false,"footnotes":""},"categories":[5],"tags":[],"class_list":["post-35698","post","type-post","status-publish","format-standard","has-post-thumbnail","hentry","category-deportes"],"aioseo_notices":[],"gutentor_comment":0,"jetpack_featured_media_url":"https:\/\/eldiariodesanpedro.com.ar\/sitio\/wp-content\/uploads\/2018\/07\/La-liga-sampedrina-estuvo-presente-en-Chivilcoy.jpg","jetpack_shortlink":"https:\/\/wp.me\/p6RhLt-9hM","jetpack_sharing_enabled":true,"_links":{"self":[{"href":"https:\/\/eldiariodesanpedro.com.ar\/sitio\/wp-json\/wp\/v2\/posts\/35698","targetHints":{"allow":["GET"]}}],"collection":[{"href":"https:\/\/eldiariodesanpedro.com.ar\/sitio\/wp-json\/wp\/v2\/posts"}],"about":[{"href":"https:\/\/eldiariodesanpedro.com.ar\/sitio\/wp-json\/wp\/v2\/types\/post"}],"author":[{"embeddable":true,"href":"https:\/\/eldiariodesanpedro.com.ar\/sitio\/wp-json\/wp\/v2\/users\/4"}],"replies":[{"embeddable":true,"href":"https:\/\/eldiariodesanpedro.com.ar\/sitio\/wp-json\/wp\/v2\/comments?post=35698"}],"version-history":[{"count":1,"href":"https:\/\/eldiariodesanpedro.com.ar\/sitio\/wp-json\/wp\/v2\/posts\/35698\/revisions"}],"predecessor-version":[{"id":35708,"href":"https:\/\/eldiariodesanpedro.com.ar\/sitio\/wp-json\/wp\/v2\/posts\/35698\/revisions\/35708"}],"wp:featuredmedia":[{"embeddable":true,"href":"https:\/\/eldiariodesanpedro.com.ar\/sitio\/wp-json\/wp\/v2\/media\/35705"}],"wp:attachment":[{"href":"https:\/\/eldiariodesanpedro.com.ar\/sitio\/wp-json\/wp\/v2\/media?parent=35698"}],"wp:term":[{"taxonomy":"category","embeddable":true,"href":"https:\/\/eldiariodesanpedro.com.ar\/sitio\/wp-json\/wp\/v2\/categories?post=35698"},{"taxonomy":"post_tag","embeddable":true,"href":"https:\/\/eldiariodesanpedro.com.ar\/sitio\/wp-json\/wp\/v2\/tags?post=35698"}],"curies":[{"name":"wp","href":"https:\/\/api.w.org\/{rel}","templated":true}]}}