{"id":35693,"date":"2018-07-01T20:44:17","date_gmt":"2018-07-01T23:44:17","guid":{"rendered":"https:\/\/eldiariodesanpedro.com.ar\/sitio\/?p=35693"},"modified":"2018-07-01T20:44:17","modified_gmt":"2018-07-01T23:44:17","slug":"baradero-violento-robo-en-la-quinta-el-guardian","status":"publish","type":"post","link":"https:\/\/eldiariodesanpedro.com.ar\/sitio\/baradero-violento-robo-en-la-quinta-el-guardian\/","title":{"rendered":"BARADERO: Violento robo en la quinta \u201cEl Guardi\u00e1n\u201d"},"content":{"rendered":"<p><!-- VideographyWP Plugin Message: Automatic video embedding prevented by plugin options. --><br \/>\nIngresaron personas encapuchadas a robar alrededor de las 4 de la madrugada a esta propiedad ubicada en inmediaciones a la Ruta Provincial N\u00b0 41. Asesinaron a uno de perros del lugar; adem\u00e1s atacaron y retuvieron al cuidador. La persona agredida pudo salir y dar aviso a la polic\u00eda cerca de las 10 de la ma\u00f1ana.<br \/>\nEl Fiscal Hern\u00e1n Granda, explic\u00f3 los detalles de lo sucedido en Tu Radio.<\/p>\n<p>  El Fiscal calific\u00f3 este hecho como de suma gravedad. Ya que las personas encapuchadas, que no pudieron ser reconocidas por la v\u00edctima, lo rociaron con kerosene y amenazaron con prenderlo fuego.<br \/>\n  Se pudo constatar que le robaron un tel\u00e9fono celular, por lo que Granda explic\u00f3 que van a pedir los datos de ese tel\u00e9fono. \u201cLa apertura, si se hizo o no se hizo esa apertura, si le implantaron otro chip\u201d coment\u00f3.<br \/>\n  Por tal motivo, dijo que \u201cla idea es coordinar con las DDI de localidades linderas para saber si hay una banda operando en la zona\u201d.<\/p>\n<p>  Sobre el robo espec\u00edficamente coment\u00f3 que al damnificado \u201cle ped\u00edan plata. \u00c9l hab\u00eda hecho un negocio vinculado a la venta de un auto. Al principio parec\u00eda que eso hab\u00eda sido el motivante, que hab\u00eda sido hace poco tiempo, pero despu\u00e9s profundizando supimos que fue hace dos meses\u201d.<\/p>\n<p>  Manifest\u00f3 que \u201c\u00e9l ve dos personas, pero cree que pudieron ser tres\u201d. Lamentablemente debido a que ten\u00edan su rostro cubierto no pudieron ser incorporados al nuevo sistema de reconocimiento. En el mismo, a cada persona que es identificada, se le hace una foto e ingresa en un registro digital. El cual, posee un motor de b\u00fasqueda por edad, sexo, etc.<\/p>\n<p>  Confirm\u00f3 que los ladrones mataron a un perro peque\u00f1o, aparentemente porque estaba ladrando mucho. A\u00fan no pudo comprobar cu\u00e1l fue el causal de muerte del animal. Respecto de la investigaci\u00f3n, el Fiscal subray\u00f3 \u201ctenemos indicios, pero m\u00e1s no puedo decir porque si no lo estar\u00eda estropeando\u201d.<\/p>\n<p>  Sobre la metodolog\u00eda de investigaci\u00f3n de nuestro pa\u00eds, Granda, cont\u00f3 que existe una discusi\u00f3n desde 1991 de la formaci\u00f3n de una polic\u00eda judicial. Que trabajar\u00eda estrictamente para la Fiscal\u00eda, \u201cning\u00fan gobierno pudo afrontarlo porque es caro\u201d opin\u00f3 y agreg\u00f3 que \u201ceso claramente es una falencia del sistema\u201d.<\/p>\n<p>Fuente: Tu L\u00ednea Directa<\/p>\n","protected":false},"excerpt":{"rendered":"<p>Ingresaron personas encapuchadas a robar alrededor de las 4 de la madrugada a esta propiedad ubicada en inmediaciones a la Ruta Provincial N\u00b0 41. Asesinaron a uno de perros del lugar; adem\u00e1s atacaron y retuvieron al cuidador. La persona agredida pudo salir y dar aviso a la polic\u00eda cerca de las 10 de la ma\u00f1ana. [&hellip;]<\/p>\n","protected":false},"author":4,"featured_media":35695,"comment_status":"open","ping_status":"closed","sticky":false,"template":"","format":"standard","meta":{"om_disable_all_campaigns":false,"_jetpack_memberships_contains_paid_content":false,"footnotes":""},"categories":[621],"tags":[],"class_list":["post-35693","post","type-post","status-publish","format-standard","has-post-thumbnail","hentry","category-regionales"],"aioseo_notices":[],"gutentor_comment":0,"jetpack_featured_media_url":"https:\/\/eldiariodesanpedro.com.ar\/sitio\/wp-content\/uploads\/2018\/07\/Violento-robo-en-la-quinta-El-Guardi\u00e1n.jpg","jetpack_shortlink":"https:\/\/wp.me\/p6RhLt-9hH","jetpack_sharing_enabled":true,"_links":{"self":[{"href":"https:\/\/eldiariodesanpedro.com.ar\/sitio\/wp-json\/wp\/v2\/posts\/35693","targetHints":{"allow":["GET"]}}],"collection":[{"href":"https:\/\/eldiariodesanpedro.com.ar\/sitio\/wp-json\/wp\/v2\/posts"}],"about":[{"href":"https:\/\/eldiariodesanpedro.com.ar\/sitio\/wp-json\/wp\/v2\/types\/post"}],"author":[{"embeddable":true,"href":"https:\/\/eldiariodesanpedro.com.ar\/sitio\/wp-json\/wp\/v2\/users\/4"}],"replies":[{"embeddable":true,"href":"https:\/\/eldiariodesanpedro.com.ar\/sitio\/wp-json\/wp\/v2\/comments?post=35693"}],"version-history":[{"count":1,"href":"https:\/\/eldiariodesanpedro.com.ar\/sitio\/wp-json\/wp\/v2\/posts\/35693\/revisions"}],"predecessor-version":[{"id":35696,"href":"https:\/\/eldiariodesanpedro.com.ar\/sitio\/wp-json\/wp\/v2\/posts\/35693\/revisions\/35696"}],"wp:featuredmedia":[{"embeddable":true,"href":"https:\/\/eldiariodesanpedro.com.ar\/sitio\/wp-json\/wp\/v2\/media\/35695"}],"wp:attachment":[{"href":"https:\/\/eldiariodesanpedro.com.ar\/sitio\/wp-json\/wp\/v2\/media?parent=35693"}],"wp:term":[{"taxonomy":"category","embeddable":true,"href":"https:\/\/eldiariodesanpedro.com.ar\/sitio\/wp-json\/wp\/v2\/categories?post=35693"},{"taxonomy":"post_tag","embeddable":true,"href":"https:\/\/eldiariodesanpedro.com.ar\/sitio\/wp-json\/wp\/v2\/tags?post=35693"}],"curies":[{"name":"wp","href":"https:\/\/api.w.org\/{rel}","templated":true}]}}