{"id":35689,"date":"2018-07-01T20:42:25","date_gmt":"2018-07-01T23:42:25","guid":{"rendered":"https:\/\/eldiariodesanpedro.com.ar\/sitio\/?p=35689"},"modified":"2018-07-01T20:42:25","modified_gmt":"2018-07-01T23:42:25","slug":"baradero-denuncian-a-un-profesor-de-taekwondo-por-golpear-a-un-alumno","status":"publish","type":"post","link":"https:\/\/eldiariodesanpedro.com.ar\/sitio\/baradero-denuncian-a-un-profesor-de-taekwondo-por-golpear-a-un-alumno\/","title":{"rendered":"BARADERO: Denuncian a un profesor de Taekwondo por golpear a un alumno"},"content":{"rendered":"<p><!-- VideographyWP Plugin Message: Automatic video embedding prevented by plugin options. --><br \/>\nEl hecho habr\u00eda ocurrido ayer en el Gimnasio del Polideportivo Municipal. La v\u00edctima, un joven de 15 a\u00f1os radic\u00f3 la denuncia junto a su madre en la Comisaria local. El Subcomisario Fiorabanti explic\u00f3 a Tu Radio que \u201cpresentaba lesiones de car\u00e1cter leve\u201d. Confirm\u00f3 que el joven ingres\u00f3 con un golpe en el rostro.<\/p>\n<p>  Seg\u00fan se conoci\u00f3 esta ma\u00f1ana, el suceso habr\u00eda ocurrido anoche alrededor de las 20 horas en el Gimnasio del Polideportivo Municipal.<\/p>\n<p>  Un joven de 15 a\u00f1os habr\u00eda sido golpeado por un profesor que ense\u00f1a Taekwondo en dicho lugar.<br \/>\n  Todo habr\u00eda sucedido cuando los grupos de Handball y Taekwondo se cruzaron en el horario de pr\u00e1ctica. El menor habr\u00eda recriminado que \u201chab\u00edan tomado una pelota y la estaban pisando. A lo cu\u00e1l hab\u00eda pedido que se dejar\u00e1 de hacer eso para evitar que se rompa\u201d.<\/p>\n<p>  En ese preciso instante habr\u00eda sufrido un golpe en su rostro proviniendo del entrenador de este deporte.<br \/>\n  Por tal motivo fue trasladado por un compa\u00f1ero hacia su vivienda desde donde se lo llev\u00f3 a la Comisar\u00eda local a radicar una denuncia.<br \/>\n  El hecho est\u00e1 siendo investigado por la UFI N\u00b08.<\/p>\n<p>Fuente: Tu L\u00ednea Directa<\/p>\n","protected":false},"excerpt":{"rendered":"<p>El hecho habr\u00eda ocurrido ayer en el Gimnasio del Polideportivo Municipal. La v\u00edctima, un joven de 15 a\u00f1os radic\u00f3 la denuncia junto a su madre en la Comisaria local. El Subcomisario Fiorabanti explic\u00f3 a Tu Radio que \u201cpresentaba lesiones de car\u00e1cter leve\u201d. Confirm\u00f3 que el joven ingres\u00f3 con un golpe en el rostro. Seg\u00fan se [&hellip;]<\/p>\n","protected":false},"author":4,"featured_media":35691,"comment_status":"open","ping_status":"closed","sticky":false,"template":"","format":"standard","meta":{"om_disable_all_campaigns":false,"_jetpack_memberships_contains_paid_content":false,"footnotes":""},"categories":[621],"tags":[],"class_list":["post-35689","post","type-post","status-publish","format-standard","has-post-thumbnail","hentry","category-regionales"],"aioseo_notices":[],"gutentor_comment":0,"jetpack_featured_media_url":"https:\/\/eldiariodesanpedro.com.ar\/sitio\/wp-content\/uploads\/2018\/07\/taekwondo.png","jetpack_shortlink":"https:\/\/wp.me\/p6RhLt-9hD","jetpack_sharing_enabled":true,"_links":{"self":[{"href":"https:\/\/eldiariodesanpedro.com.ar\/sitio\/wp-json\/wp\/v2\/posts\/35689","targetHints":{"allow":["GET"]}}],"collection":[{"href":"https:\/\/eldiariodesanpedro.com.ar\/sitio\/wp-json\/wp\/v2\/posts"}],"about":[{"href":"https:\/\/eldiariodesanpedro.com.ar\/sitio\/wp-json\/wp\/v2\/types\/post"}],"author":[{"embeddable":true,"href":"https:\/\/eldiariodesanpedro.com.ar\/sitio\/wp-json\/wp\/v2\/users\/4"}],"replies":[{"embeddable":true,"href":"https:\/\/eldiariodesanpedro.com.ar\/sitio\/wp-json\/wp\/v2\/comments?post=35689"}],"version-history":[{"count":1,"href":"https:\/\/eldiariodesanpedro.com.ar\/sitio\/wp-json\/wp\/v2\/posts\/35689\/revisions"}],"predecessor-version":[{"id":35694,"href":"https:\/\/eldiariodesanpedro.com.ar\/sitio\/wp-json\/wp\/v2\/posts\/35689\/revisions\/35694"}],"wp:featuredmedia":[{"embeddable":true,"href":"https:\/\/eldiariodesanpedro.com.ar\/sitio\/wp-json\/wp\/v2\/media\/35691"}],"wp:attachment":[{"href":"https:\/\/eldiariodesanpedro.com.ar\/sitio\/wp-json\/wp\/v2\/media?parent=35689"}],"wp:term":[{"taxonomy":"category","embeddable":true,"href":"https:\/\/eldiariodesanpedro.com.ar\/sitio\/wp-json\/wp\/v2\/categories?post=35689"},{"taxonomy":"post_tag","embeddable":true,"href":"https:\/\/eldiariodesanpedro.com.ar\/sitio\/wp-json\/wp\/v2\/tags?post=35689"}],"curies":[{"name":"wp","href":"https:\/\/api.w.org\/{rel}","templated":true}]}}