{"id":35686,"date":"2018-07-01T20:39:12","date_gmt":"2018-07-01T23:39:12","guid":{"rendered":"https:\/\/eldiariodesanpedro.com.ar\/sitio\/?p=35686"},"modified":"2018-07-01T20:39:12","modified_gmt":"2018-07-01T23:39:12","slug":"san-nicolas-cruzo-en-rojo-exhibio-sus-genitales-y-huyo-2","status":"publish","type":"post","link":"https:\/\/eldiariodesanpedro.com.ar\/sitio\/san-nicolas-cruzo-en-rojo-exhibio-sus-genitales-y-huyo-2\/","title":{"rendered":"SAN NICOL\u00c1S: Cruz\u00f3 en rojo, exhibi\u00f3 sus genitales y huy\u00f3"},"content":{"rendered":"<p><!-- VideographyWP Plugin Message: Automatic video embedding prevented by plugin options. --><br \/>\nLa cronolog\u00eda de los hechos, dan cuenta de que un auto VW Passat fue interceptado por la polic\u00eda en calle Don Bosco, entre Montevideo y Paran\u00e1, luego de que cruzara el sem\u00e1foro en rojo y circulara a gran velocidad.<\/p>\n<p>  Al bajar del veh\u00edculo, el conductor exhibi\u00f3 sus genitales a los uniformados, forceje\u00f3 con ellos, los lesion\u00f3 y se dio a la fuga a pie. La polic\u00eda no logr\u00f3 aprehenderlo.<\/p>\n<p>  El auto fue secuestrado y se solicit\u00f3 una orden de allanamiento para el domicilio del sujeto de 39 a\u00f1os. La diligencia se concret\u00f3 en calle Don Bosco al 700 donde se secuestr\u00f3 el arma blanca que habr\u00eda sido utilizada para agredir a los uniformados.<br \/>\n  Se labraron actuaciones por Atentado, Resistencia a la Autoridad, Exhibiciones Obscenas e Infracci\u00f3n a la Ley 24.449.<\/p>\n<p>Fuente: Diario El Informante<\/p>\n","protected":false},"excerpt":{"rendered":"<p>La cronolog\u00eda de los hechos, dan cuenta de que un auto VW Passat fue interceptado por la polic\u00eda en calle Don Bosco, entre Montevideo y Paran\u00e1, luego de que cruzara el sem\u00e1foro en rojo y circulara a gran velocidad. Al bajar del veh\u00edculo, el conductor exhibi\u00f3 sus genitales a los uniformados, forceje\u00f3 con ellos, los [&hellip;]<\/p>\n","protected":false},"author":4,"featured_media":35688,"comment_status":"open","ping_status":"closed","sticky":false,"template":"","format":"standard","meta":{"om_disable_all_campaigns":false,"_jetpack_memberships_contains_paid_content":false,"footnotes":""},"categories":[621],"tags":[],"class_list":["post-35686","post","type-post","status-publish","format-standard","has-post-thumbnail","hentry","category-regionales"],"aioseo_notices":[],"gutentor_comment":0,"jetpack_featured_media_url":"https:\/\/eldiariodesanpedro.com.ar\/sitio\/wp-content\/uploads\/2018\/07\/semaforo-rojo.jpg","jetpack_shortlink":"https:\/\/wp.me\/p6RhLt-9hA","jetpack_sharing_enabled":true,"_links":{"self":[{"href":"https:\/\/eldiariodesanpedro.com.ar\/sitio\/wp-json\/wp\/v2\/posts\/35686","targetHints":{"allow":["GET"]}}],"collection":[{"href":"https:\/\/eldiariodesanpedro.com.ar\/sitio\/wp-json\/wp\/v2\/posts"}],"about":[{"href":"https:\/\/eldiariodesanpedro.com.ar\/sitio\/wp-json\/wp\/v2\/types\/post"}],"author":[{"embeddable":true,"href":"https:\/\/eldiariodesanpedro.com.ar\/sitio\/wp-json\/wp\/v2\/users\/4"}],"replies":[{"embeddable":true,"href":"https:\/\/eldiariodesanpedro.com.ar\/sitio\/wp-json\/wp\/v2\/comments?post=35686"}],"version-history":[{"count":1,"href":"https:\/\/eldiariodesanpedro.com.ar\/sitio\/wp-json\/wp\/v2\/posts\/35686\/revisions"}],"predecessor-version":[{"id":35690,"href":"https:\/\/eldiariodesanpedro.com.ar\/sitio\/wp-json\/wp\/v2\/posts\/35686\/revisions\/35690"}],"wp:featuredmedia":[{"embeddable":true,"href":"https:\/\/eldiariodesanpedro.com.ar\/sitio\/wp-json\/wp\/v2\/media\/35688"}],"wp:attachment":[{"href":"https:\/\/eldiariodesanpedro.com.ar\/sitio\/wp-json\/wp\/v2\/media?parent=35686"}],"wp:term":[{"taxonomy":"category","embeddable":true,"href":"https:\/\/eldiariodesanpedro.com.ar\/sitio\/wp-json\/wp\/v2\/categories?post=35686"},{"taxonomy":"post_tag","embeddable":true,"href":"https:\/\/eldiariodesanpedro.com.ar\/sitio\/wp-json\/wp\/v2\/tags?post=35686"}],"curies":[{"name":"wp","href":"https:\/\/api.w.org\/{rel}","templated":true}]}}